{"id":4046,"date":"2026-03-02T13:56:45","date_gmt":"2026-03-02T16:56:45","guid":{"rendered":"https:\/\/santacasadepelotas.com.br\/?p=4046"},"modified":"2026-03-05T14:27:39","modified_gmt":"2026-03-05T17:27:39","slug":"santa-casa-de-pelotas-inaugura-novo-mamografo","status":"publish","type":"post","link":"https:\/\/santacasadepelotas.com.br\/index.php\/2026\/03\/02\/santa-casa-de-pelotas-inaugura-novo-mamografo\/","title":{"rendered":"Santa Casa de Pelotas inaugura novo mam\u00f3grafo"},"content":{"rendered":"<p>&nbsp;<\/p>\n<p>Neste s\u00e1bado, 28 de fevereiro, a Santa Casa de Miseric\u00f3rdia de Pelotas celebrou a inaugura\u00e7\u00e3o do seu novo mam\u00f3grafo digital, em cerim\u00f4nia realizada no audit\u00f3rio Dr. Luiz Carlos Rocha Falchi.<\/p>\n<p>O evento contou com a presen\u00e7a de autoridades estaduais e municipais, dentre elas: Arita Bergmann, Secret\u00e1ria Estadual da Sa\u00fade, Paula Schild Mascarenhas, Secret\u00e1ria de Rela\u00e7\u00f5es Institucionais do Governo do Rio Grande do Sul, \u00c2ngela Moreira Vit\u00f3ria, Secret\u00e1ria Municipal da Sa\u00fade, Daniel Trzeciak, Deputado Federal, e os vereadores Marcelo Bag\u00e9 e Rafael Amaral, representando a C\u00e2mara Municipal de Pelotas.<\/p>\n<p><a href=\"http:\/\/santacasadepelotas.com.br\/wp-content\/uploads\/2026\/03\/IMG_8577-scaled.jpg\"><img loading=\"lazy\" decoding=\"async\" class=\"aligncenter size-full wp-image-4047\" src=\"http:\/\/santacasadepelotas.com.br\/wp-content\/uploads\/2026\/03\/IMG_8577-scaled.jpg\" alt=\"\" width=\"2560\" height=\"1440\" srcset=\"https:\/\/santacasadepelotas.com.br\/wp-content\/uploads\/2026\/03\/IMG_8577-scaled.jpg 2560w, https:\/\/santacasadepelotas.com.br\/wp-content\/uploads\/2026\/03\/IMG_8577-300x169.jpg 300w, https:\/\/santacasadepelotas.com.br\/wp-content\/uploads\/2026\/03\/IMG_8577-1024x576.jpg 1024w, https:\/\/santacasadepelotas.com.br\/wp-content\/uploads\/2026\/03\/IMG_8577-768x432.jpg 768w, https:\/\/santacasadepelotas.com.br\/wp-content\/uploads\/2026\/03\/IMG_8577-1536x864.jpg 1536w, https:\/\/santacasadepelotas.com.br\/wp-content\/uploads\/2026\/03\/IMG_8577-1170x658.jpg 1170w, https:\/\/santacasadepelotas.com.br\/wp-content\/uploads\/2026\/03\/IMG_8577-560x315.jpg 560w, https:\/\/santacasadepelotas.com.br\/wp-content\/uploads\/2026\/03\/IMG_8577-1920x1080.jpg 1920w\" sizes=\"(max-width: 2560px) 100vw, 2560px\" \/><\/a><\/p>\n<p>O novo equipamento, adquirido atrav\u00e9s do \u201cPrograma Avan\u00e7ar Mais na Sa\u00fade\u201d, do Governo do Estado do Rio Grande do Sul, possui capacidade estimada para 160 exames por m\u00eas para os pacientes do SUS, contribuindo para a redu\u00e7\u00e3o na fila de espera. Al\u00e9m disso, ele re\u00fane tecnologia de ponta: sistema de ilumina\u00e7\u00e3o com varia\u00e7\u00e3o de cores para um atendimento mais acolhedor, possibilidade de bi\u00f3psias guiadas por imagem no pr\u00f3prio aparelho e imagens de alta qualidade com menor compress\u00e3o mam\u00e1ria.<\/p>\n<p><a href=\"http:\/\/santacasadepelotas.com.br\/wp-content\/uploads\/2026\/03\/IMG_8071-scaled.jpg\"><img loading=\"lazy\" decoding=\"async\" class=\"aligncenter size-full wp-image-4048\" src=\"http:\/\/santacasadepelotas.com.br\/wp-content\/uploads\/2026\/03\/IMG_8071-scaled.jpg\" alt=\"\" width=\"2560\" height=\"1440\" srcset=\"https:\/\/santacasadepelotas.com.br\/wp-content\/uploads\/2026\/03\/IMG_8071-scaled.jpg 2560w, https:\/\/santacasadepelotas.com.br\/wp-content\/uploads\/2026\/03\/IMG_8071-300x169.jpg 300w, https:\/\/santacasadepelotas.com.br\/wp-content\/uploads\/2026\/03\/IMG_8071-1024x576.jpg 1024w, https:\/\/santacasadepelotas.com.br\/wp-content\/uploads\/2026\/03\/IMG_8071-768x432.jpg 768w, https:\/\/santacasadepelotas.com.br\/wp-content\/uploads\/2026\/03\/IMG_8071-1536x864.jpg 1536w, https:\/\/santacasadepelotas.com.br\/wp-content\/uploads\/2026\/03\/IMG_8071-1170x658.jpg 1170w, https:\/\/santacasadepelotas.com.br\/wp-content\/uploads\/2026\/03\/IMG_8071-560x315.jpg 560w, https:\/\/santacasadepelotas.com.br\/wp-content\/uploads\/2026\/03\/IMG_8071-1920x1080.jpg 1920w\" sizes=\"(max-width: 2560px) 100vw, 2560px\" \/><\/a><\/p>\n<p>Com isso, a Santa Casa de Miseric\u00f3rdia de Pelotas inaugura os atendimentos \u00e0 popula\u00e7\u00e3o na primeira semana do m\u00eas dedicado \u00e0 mulher, refor\u00e7ando, novamente, seu compromisso com a sa\u00fade feminina no estado.<\/p>\n<p>&nbsp;<\/p>\n","protected":false},"excerpt":{"rendered":"<p>&nbsp; Neste s\u00e1bado, 28 de fevereiro, a Santa Casa de Miseric\u00f3rdia de Pelotas celebrou a inaugura\u00e7\u00e3o do seu novo mam\u00f3grafo digital, em cerim\u00f4nia realizada no audit\u00f3rio Dr. Luiz Carlos Rocha Falchi. O evento contou com a presen\u00e7a de autoridades estaduais e municipais, dentre elas: Arita Bergmann, Secret\u00e1ria Estadual da Sa\u00fade, Paula Schild Mascarenhas, Secret\u00e1ria de [&hellip;]<\/p>\n","protected":false},"author":6,"featured_media":4050,"comment_status":"closed","ping_status":"closed","sticky":false,"template":"","format":"standard","meta":{"footnotes":""},"categories":[6],"tags":[201,46,443,442,10,444],"_links":{"self":[{"href":"https:\/\/santacasadepelotas.com.br\/index.php\/wp-json\/wp\/v2\/posts\/4046"}],"collection":[{"href":"https:\/\/santacasadepelotas.com.br\/index.php\/wp-json\/wp\/v2\/posts"}],"about":[{"href":"https:\/\/santacasadepelotas.com.br\/index.php\/wp-json\/wp\/v2\/types\/post"}],"author":[{"embeddable":true,"href":"https:\/\/santacasadepelotas.com.br\/index.php\/wp-json\/wp\/v2\/users\/6"}],"replies":[{"embeddable":true,"href":"https:\/\/santacasadepelotas.com.br\/index.php\/wp-json\/wp\/v2\/comments?post=4046"}],"version-history":[{"count":4,"href":"https:\/\/santacasadepelotas.com.br\/index.php\/wp-json\/wp\/v2\/posts\/4046\/revisions"}],"predecessor-version":[{"id":4053,"href":"https:\/\/santacasadepelotas.com.br\/index.php\/wp-json\/wp\/v2\/posts\/4046\/revisions\/4053"}],"wp:featuredmedia":[{"embeddable":true,"href":"https:\/\/santacasadepelotas.com.br\/index.php\/wp-json\/wp\/v2\/media\/4050"}],"wp:attachment":[{"href":"https:\/\/santacasadepelotas.com.br\/index.php\/wp-json\/wp\/v2\/media?parent=4046"}],"wp:term":[{"taxonomy":"category","embeddable":true,"href":"https:\/\/santacasadepelotas.com.br\/index.php\/wp-json\/wp\/v2\/categories?post=4046"},{"taxonomy":"post_tag","embeddable":true,"href":"https:\/\/santacasadepelotas.com.br\/index.php\/wp-json\/wp\/v2\/tags?post=4046"}],"curies":[{"name":"wp","href":"https:\/\/api.w.org\/{rel}","templated":true}]}}