{"id":841,"date":"2020-04-27T13:17:36","date_gmt":"2020-04-27T16:17:36","guid":{"rendered":"http:\/\/santacasadepelotas.com.br\/?p=841"},"modified":"2020-05-29T13:49:39","modified_gmt":"2020-05-29T16:49:39","slug":"santa-casa-implanta-uma-unidade-para-tratamento-exclusivo-a-covid-19","status":"publish","type":"post","link":"http:\/\/santacasadepelotas.com.br\/index.php\/2020\/04\/27\/santa-casa-implanta-uma-unidade-para-tratamento-exclusivo-a-covid-19\/","title":{"rendered":"Santa Casa implanta uma Unidade para tratamento exclusivo \u00e0 COVID-19"},"content":{"rendered":"<p>&nbsp;<\/p>\n<p><span style=\"font-size: 14pt;\"><img loading=\"lazy\" decoding=\"async\" class=\"aligncenter wp-image-843\" src=\"http:\/\/santacasadepelotas.com.br\/wp-content\/uploads\/2020\/04\/WhatsApp-Image-2020-04-27-at-13.12.20-1024x767.jpeg\" alt=\"maca\" width=\"600\" height=\"450\" srcset=\"http:\/\/santacasadepelotas.com.br\/wp-content\/uploads\/2020\/04\/WhatsApp-Image-2020-04-27-at-13.12.20-1024x767.jpeg 1024w, http:\/\/santacasadepelotas.com.br\/wp-content\/uploads\/2020\/04\/WhatsApp-Image-2020-04-27-at-13.12.20-300x225.jpeg 300w, http:\/\/santacasadepelotas.com.br\/wp-content\/uploads\/2020\/04\/WhatsApp-Image-2020-04-27-at-13.12.20-768x575.jpeg 768w, http:\/\/santacasadepelotas.com.br\/wp-content\/uploads\/2020\/04\/WhatsApp-Image-2020-04-27-at-13.12.20.jpeg 1280w\" sizes=\"(max-width: 600px) 100vw, 600px\" \/><\/span><\/p>\n<p>&nbsp;<\/p>\n<p style=\"text-align: center;\"><span style=\"font-family: arial, helvetica, sans-serif; font-size: 14pt;\"><b>\u00c1REA COVID-19 NA SANTA CASA DE PELOTAS.<\/b><\/span><\/p>\n<p style=\"text-align: center;\"><span style=\"font-family: arial, helvetica, sans-serif; font-size: 14pt;\"><b>Seguran\u00e7a, Controle e Independ\u00eancia.<\/b><\/span><\/p>\n<p style=\"text-align: justify;\"><span style=\"font-weight: 400; font-family: arial, helvetica, sans-serif; font-size: 14pt;\">A Santa Casa de Pelotas \u00e9 um dos Hospitais preparados para receber pacientes, particulares e conv\u00eanios, infectados pelo Coronav\u00edrus.<\/span><\/p>\n<p style=\"text-align: justify;\"><span style=\"font-weight: 400; font-family: arial, helvetica, sans-serif; font-size: 14pt;\">Entenda como est\u00e1 acontecendo o funcionamento da \u00e1rea COVID-19 no Hospital, bem como, o andamento das atividades da Institui\u00e7\u00e3o.<\/span><\/p>\n<p style=\"text-align: justify;\"><span style=\"font-weight: 400; font-family: arial, helvetica, sans-serif; font-size: 14pt;\">Antes de continuarmos, \u00e9 fundamental ressaltar a responsabilidade que a Santa Casa de Pelotas tem com seus colaboradores e pacientes. S\u00e3o 172 anos de hist\u00f3ria que foram constru\u00eddos por profissionais capacitados. Estamos vivendo e fazendo hist\u00f3ria todos os dias. E 2020 apresentou-se como ningu\u00e9m esperava, de maneira a marcar um cap\u00edtulo diferente na vida da Institui\u00e7\u00e3o e das pessoas como um todo.\u00a0\u00a0\u00a0<\/span><\/p>\n<p style=\"text-align: justify;\"><span style=\"font-weight: 400; font-family: arial, helvetica, sans-serif; font-size: 14pt;\">Em meio a uma pandemia \u00e9 fato que muitos h\u00e1bitos e costumes devem ser adaptados e revistos. Essa capacidade de se ajustar frente \u00e0 situa\u00e7\u00f5es in\u00e9ditas deve ser requisito para um hospital.<\/span><\/p>\n<p style=\"text-align: justify;\"><span style=\"font-weight: 400; font-family: arial, helvetica, sans-serif; font-size: 14pt;\">A Santa Casa de Pelotas est\u00e1 pronta para mais um desafio. Uma equipe foi organizada para receber pacientes (conv\u00eanios e particulares) infectados pela COVID-19. Atualizando-se diariamente, cada profissional \u00e9 capaz de prestar o melhor servi\u00e7o poss\u00edvel para quem necessitar.<\/span><\/p>\n<p style=\"text-align: justify;\"><span style=\"font-weight: 400; font-family: arial, helvetica, sans-serif; font-size: 14pt;\">O ambiente que ir\u00e1 internar poss\u00edveis pacientes infectados atuar\u00e1 de forma independente dentro da Institui\u00e7\u00e3o. J\u00e1 est\u00e1 totalmente preparado, controlado e seguro.<\/span><\/p>\n<p style=\"text-align: justify;\"><span style=\"font-family: arial, helvetica, sans-serif; font-size: 14pt;\"><span style=\"font-weight: 400;\">O Hospital criou um <\/span><b>Protocolo Interno<\/b><span style=\"font-weight: 400;\"> que determina diretrizes de como agir na \u00c1rea COVID-19. Todas as recomenda\u00e7\u00f5es abordadas no Protocolo est\u00e3o baseadas nas informa\u00e7\u00f5es do Minist\u00e9rio da Sa\u00fade e adaptadas para a estrutura f\u00edsica e de pessoal da Institui\u00e7\u00e3o.\u00a0<\/span><\/span><\/p>\n<p style=\"text-align: justify;\"><span style=\"font-weight: 400; font-family: arial, helvetica, sans-serif; font-size: 14pt;\">O cuidado promovido pelos profissionais da Santa Casa de Pelotas (conhecimento t\u00e9cnico, orienta\u00e7\u00e3o do Minist\u00e9rio da Sa\u00fade e Protocolo Interno) em rela\u00e7\u00e3o \u00e0 \u00c1rea COVID-19 permite que todas as outras atividades cotidianas do Hospital transcorram com normalidade. Ou seja, o fato de existir um ambiente destinado para o tratamento de pacientes com Coronav\u00edrus, n\u00e3o coloca em risco o desempenho dos outros servi\u00e7os prestados pela Santa Casa de Pelotas \u00e0 Comunidade.<\/span><\/p>\n<p style=\"text-align: justify;\"><span style=\"font-weight: 400; font-family: arial, helvetica, sans-serif; font-size: 14pt;\">\u00c9 importante ressaltar que n\u00e3o s\u00f3 a \u00c1rea COVID-19 est\u00e1 respaldada de cuidados, mas, tamb\u00e9m, todo o Hospital segue as recomenda\u00e7\u00f5es do Minist\u00e9rio da Sa\u00fade.\u00a0<\/span><\/p>\n<p style=\"text-align: justify;\"><span style=\"font-weight: 400; font-family: arial, helvetica, sans-serif; font-size: 14pt;\">Colaboradores que apresentarem sintomas gripais ter\u00e3o atendimento diferenciado, al\u00e9m disso, ser\u00e1 disponibilizado atendimento psicol\u00f3gico online para quem estiver diretamente ou indiretamente exposto \u00e0 COVID-19.<\/span><\/p>\n<p style=\"text-align: center;\"><span style=\"font-family: arial, helvetica, sans-serif; font-size: 14pt;\"><b>Santa Casa de Pelotas contra o Coronav\u00edrus.<\/b><\/span><\/p>\n","protected":false},"excerpt":{"rendered":"<p>&nbsp; &nbsp; \u00c1REA COVID-19 NA SANTA CASA DE PELOTAS. Seguran\u00e7a, Controle e Independ\u00eancia. A Santa Casa de Pelotas \u00e9 um dos Hospitais preparados para receber pacientes, particulares e conv\u00eanios, infectados pelo Coronav\u00edrus. Entenda como est\u00e1 acontecendo o funcionamento da \u00e1rea COVID-19 no Hospital, bem como, o andamento das atividades da Institui\u00e7\u00e3o. Antes de continuarmos, \u00e9 [&hellip;]<\/p>\n","protected":false},"author":6,"featured_media":842,"comment_status":"open","ping_status":"open","sticky":false,"template":"","format":"standard","meta":{"footnotes":""},"categories":[1],"tags":[],"_links":{"self":[{"href":"http:\/\/santacasadepelotas.com.br\/index.php\/wp-json\/wp\/v2\/posts\/841"}],"collection":[{"href":"http:\/\/santacasadepelotas.com.br\/index.php\/wp-json\/wp\/v2\/posts"}],"about":[{"href":"http:\/\/santacasadepelotas.com.br\/index.php\/wp-json\/wp\/v2\/types\/post"}],"author":[{"embeddable":true,"href":"http:\/\/santacasadepelotas.com.br\/index.php\/wp-json\/wp\/v2\/users\/6"}],"replies":[{"embeddable":true,"href":"http:\/\/santacasadepelotas.com.br\/index.php\/wp-json\/wp\/v2\/comments?post=841"}],"version-history":[{"count":6,"href":"http:\/\/santacasadepelotas.com.br\/index.php\/wp-json\/wp\/v2\/posts\/841\/revisions"}],"predecessor-version":[{"id":919,"href":"http:\/\/santacasadepelotas.com.br\/index.php\/wp-json\/wp\/v2\/posts\/841\/revisions\/919"}],"wp:featuredmedia":[{"embeddable":true,"href":"http:\/\/santacasadepelotas.com.br\/index.php\/wp-json\/wp\/v2\/media\/842"}],"wp:attachment":[{"href":"http:\/\/santacasadepelotas.com.br\/index.php\/wp-json\/wp\/v2\/media?parent=841"}],"wp:term":[{"taxonomy":"category","embeddable":true,"href":"http:\/\/santacasadepelotas.com.br\/index.php\/wp-json\/wp\/v2\/categories?post=841"},{"taxonomy":"post_tag","embeddable":true,"href":"http:\/\/santacasadepelotas.com.br\/index.php\/wp-json\/wp\/v2\/tags?post=841"}],"curies":[{"name":"wp","href":"https:\/\/api.w.org\/{rel}","templated":true}]}}