{"id":825,"date":"2020-03-19T10:58:41","date_gmt":"2020-03-19T13:58:41","guid":{"rendered":"http:\/\/santacasadepelotas.com.br\/?p=825"},"modified":"2020-03-24T08:32:26","modified_gmt":"2020-03-24T11:32:26","slug":"medidas-de-prevencao-ao-coronavirus","status":"publish","type":"post","link":"http:\/\/santacasadepelotas.com.br\/index.php\/2020\/03\/19\/medidas-de-prevencao-ao-coronavirus\/","title":{"rendered":"Medidas de preven\u00e7\u00e3o ao Coronav\u00edrus"},"content":{"rendered":"<p>&nbsp;<\/p>\n<p><span style=\"font-family: arial, helvetica, sans-serif; font-size: 12pt;\"><em>*Atualizado em 24 de mar\u00e7o, 8h32<\/em>.<\/span><\/p>\n<p><span style=\"font-size: 18pt; font-family: arial, helvetica, sans-serif;\">O Coronav\u00edrus (COVID-19) j\u00e1 infectou mais de 2000 pessoas no Brasil, causando a paralisa\u00e7\u00e3o das aulas em escolas e universidades, eventos culturais e mudando a rotina de v\u00e1rias institui\u00e7\u00f5es de Sa\u00fade. A Santa Casa de Pelotas \u00e9 uma delas, portanto algumas medidas foram tomadas para precau\u00e7\u00e3o.<\/span><\/p>\n<p><span style=\"font-size: 18pt; font-family: arial, helvetica, sans-serif;\"><strong>Medidas relativas \u00e0 pacientes e visitas:<\/strong><\/span><\/p>\n<p><span style=\"font-size: 18pt; font-family: arial, helvetica, sans-serif;\">? Padroniza\u00e7\u00e3o de 1 acompanhante acima de 18 anos e sem sintomas respirat\u00f3rios a cada 12 horas, no m\u00e1ximo, por paciente, a fim de reduzir o fluxo de pessoas nos corredores e enfermarias do hospital e sustar o risco de propaga\u00e7\u00e3o do COVID 19;<\/span><\/p>\n<div class=\"text_exposed_show\">\n<p><span style=\"font-size: 18pt; font-family: arial, helvetica, sans-serif;\">? Visita \u00e0s enfermarias cl\u00ednicas e cir\u00fargicas suspensas<\/span><\/p>\n<p><span style=\"font-size: 18pt; font-family: arial, helvetica, sans-serif;\">? Visita UTI Geral<\/span><br \/>\n<span style=\"font-size: 18pt; font-family: arial, helvetica, sans-serif;\">Manh\u00e3: 1 visitante por paciente &#8211; leitos 1 ao 11 das 10:30 \u00e0s 11:00<\/span><br \/>\n<span style=\"font-size: 18pt; font-family: arial, helvetica, sans-serif;\">Tarde: 1 visitante por paciente &#8211; leitos 12 ao 20 das 17:00 \u00e0s 17:30<\/span><br \/>\n<span style=\"font-size: 18pt; font-family: arial, helvetica, sans-serif;\">Noite: sem visitas<\/span><\/p>\n<p><span style=\"font-size: 18pt; font-family: arial, helvetica, sans-serif;\">? Visita UCTI<\/span><br \/>\n<span style=\"font-size: 18pt; font-family: arial, helvetica, sans-serif;\">Manh\u00e3: suspensa not\u00edcia<\/span><br \/>\n<span style=\"font-size: 18pt; font-family: arial, helvetica, sans-serif;\">Tarde: 1 visitante\/not\u00edcia por paciente &#8211; leitos 1 ao 7<\/span><br \/>\n<span style=\"font-size: 18pt; font-family: arial, helvetica, sans-serif;\">Noite: sem visitas<\/span><\/p>\n<p><span style=\"font-size: 18pt; font-family: arial, helvetica, sans-serif;\">? Crian\u00e7as proibida a entrada para visitas<\/span><\/p>\n<p><span style=\"font-size: 18pt; font-family: arial, helvetica, sans-serif;\">? Consultas, exames e demais procedimentos eletivos: suspensos<\/span><\/p>\n<p><span style=\"font-size: 18pt; font-family: arial, helvetica, sans-serif;\">? Marca\u00e7\u00e3o e realiza\u00e7\u00e3o de cirurgias Cirurgias Eletivas todas suspensas<\/span><\/p>\n<p><span style=\"font-size: 18pt; font-family: arial, helvetica, sans-serif;\">*Exce\u00e7\u00e3o: cirurgias oncol\u00f3gicas: mantidas<\/span><br \/>\n<span style=\"font-size: 18pt; font-family: arial, helvetica, sans-serif;\">Cirurgias de urg\u00eancia\/emerg\u00eancia: mantidas<\/span><\/p>\n<p><span style=\"font-size: 18pt; font-family: arial, helvetica, sans-serif;\">? Ficam suspensos os procedimentos eletivos no Pronto Atendimento da Traumatologia. Ser\u00e3o realizados apenas atendimentos de urg\u00eancia\/emerg\u00eancia e agendados p\u00f3s-operat\u00f3rios, onde o setor ficar\u00e1 de portas fechadas com um porteiro restringindo a entrada no setor;<\/span><\/p>\n<p><span style=\"font-size: 18pt; font-family: arial, helvetica, sans-serif;\">? Para retirada de exames no Laborat\u00f3rio de An\u00e1lises Cl\u00ednicas, poder\u00e1 ser agendada a retirada no local ou encaminhado por e-mail ao paciente;<\/span><\/p>\n<p><span style=\"font-size: 18pt; font-family: arial, helvetica, sans-serif;\">? Aos pais que possuem beb\u00eas com Teste da Orelhinha agendado, \u00e9 importante informar que os mesmos est\u00e3o suspensos por 30 dias, com poss\u00edvel prorroga\u00e7\u00e3o, segundo Decreto Municipal N\u00ba 6.251, de 19 de mar\u00e7o de 2020;<\/span><\/p>\n<p><span style=\"font-size: 18pt; font-family: arial, helvetica, sans-serif;\">? As atividades do Memorial da Santa Casa ficam suspensas;<\/span><\/p>\n<p><span style=\"font-size: 18pt; font-family: arial, helvetica, sans-serif;\"><strong>Medidas relativas \u00e0 colaboradores:<\/strong><\/span><\/p>\n<p><span style=\"font-family: arial, helvetica, sans-serif; font-size: 18pt;\">?\u00a0A medida de libera\u00e7\u00e3o para funcion\u00e1rios acima de 60 anos com duas comorbidades ou mais e acima de 65 anos, est\u00e1 estendida a todos os funcion\u00e1rios da institui\u00e7\u00e3o;<\/span><\/p>\n<p><span style=\"font-size: 18pt; font-family: arial, helvetica, sans-serif;\">?\u00a0Jovens aprendizes: atividades suspensas temporariamente<\/span><\/p>\n<p><span style=\"font-size: 18pt; font-family: arial, helvetica, sans-serif;\">? Gestantes: atividades suspensas temporariamente<\/span><\/p>\n<p><span style=\"font-family: arial, helvetica, sans-serif; font-size: 18pt;\">\u00a0? \u00a0Ser\u00e1 disponibilizado m\u00e1scara cir\u00fargica aos funcion\u00e1rios que est\u00e3o em assist\u00eancia direta ao paciente e EPI conforme protocolos do CCIH;<\/span><\/p>\n<p><span style=\"font-family: arial, helvetica, sans-serif; font-size: 18pt;\">? Para os funcion\u00e1rios das \u00e1reas de apoio, que n\u00e3o est\u00e3o em assist\u00eancia direta ao paciente ser\u00e1 disponibilizado m\u00e1scaras de tecido para uso em cada turno de trabalho, que dever\u00e3o ser entregues ao final do mesmo. As m\u00e1scaras ser\u00e3o processadas pela lavanderia e esterilizadas;<\/span><\/p>\n<p><span style=\"font-family: arial, helvetica, sans-serif; font-size: 18pt;\"> ? Colaboradores com sinais e sintomas gripais dever\u00e3o ser avaliados pela medicina do trabalho e dispensados conforme crit\u00e9rio m\u00e9dico por 14 dias;<\/span><\/p>\n<p><span style=\"font-family: arial, helvetica, sans-serif; font-size: 18pt;\">? Fica proibido o uso de adornos, os cabelos devem ser mantidos presos, as unhas curtas, cal\u00e7as compridas e sapatos fechados para todos os profissionais do hospital (Administrativos, assistenciais e servi\u00e7os de apoio).<\/span><\/p>\n<p><span style=\"font-family: arial, helvetica, sans-serif; font-size: 18pt;\">? Funcion\u00e1rios que viajaram para o exterior ou para \u00e1reas com transmiss\u00e3o local (S\u00e3o Paulo, Rio de Janeiro e Bahia) est\u00e3o dispensados do trabalho por 14 dias ap\u00f3s o retorno a cidade de origem.<\/span><\/p>\n<p><span style=\"font-size: 18pt; font-family: arial, helvetica, sans-serif;\">?\u00a0O ponto biom\u00e9trico estar\u00e1 suspenso por tempo indeterminado, ficando a cargo das chefias o controle das entradas e sa\u00eddas dos funcion\u00e1rios.<\/span><\/p>\n<p style=\"background: white; margin: 12.0pt 0cm 12.0pt 0cm;\"><span style=\"font-size: 18pt; font-family: arial, helvetica, sans-serif; color: black;\">? Ficam suspensas as f\u00e9rias de colaboradores da assist\u00eancia (M\u00e9dico, Enfermagem, farmac\u00eautica, bioqu\u00edmica, Nutri\u00e7\u00e3o e Higieniza\u00e7\u00e3o) por 60 dias;<\/span><\/p>\n<p style=\"background: white; margin: 12.0pt 0cm 12.0pt 0cm;\"><span style=\"font-size: 18pt; font-family: arial, helvetica, sans-serif; color: black;\">? Os setores administrativos com apenas um funcion\u00e1rio fica a cargo da chefia a organiza\u00e7\u00e3o da carga hor\u00e1ria;<\/span><\/p>\n<p style=\"background: white; font-variant-ligatures: normal; font-variant-caps: normal; orphans: 2; text-align: start; widows: 2; -webkit-text-stroke-width: 0px; text-decoration-style: initial; text-decoration-color: initial; word-spacing: 0px; margin: 12.0pt 0cm 12.0pt 0cm;\"><span style=\"font-size: 18pt; font-family: arial, helvetica, sans-serif; color: black;\">? O setor Jur\u00eddico, Marketing, Projetos e SAME trabalhar\u00e3o em regime de Home Office;<\/span><\/p>\n<p style=\"background: white; font-variant-ligatures: normal; font-variant-caps: normal; orphans: 2; text-align: start; widows: 2; -webkit-text-stroke-width: 0px; text-decoration-style: initial; text-decoration-color: initial; word-spacing: 0px; margin: 12.0pt 0cm 12.0pt 0cm;\"><span style=\"font-size: 18pt; font-family: arial, helvetica, sans-serif; color: black;\">? O servi\u00e7o de Copa Interna deve ser organizado de modo \u00e0 menor tr\u00e2nsito de pessoas no ambiente, ficando limitado a cinco pessoas por vez;<\/span><\/p>\n<p style=\"background: white; font-variant-ligatures: normal; font-variant-caps: normal; orphans: 2; text-align: start; widows: 2; -webkit-text-stroke-width: 0px; text-decoration-style: initial; text-decoration-color: initial; word-spacing: 0px; margin: 12.0pt 0cm 12.0pt 0cm;\"><span style=\"font-size: 18pt; font-family: arial, helvetica, sans-serif; color: black;\">? Os funcion\u00e1rios administrativos dos setores abaixo citados dever\u00e3o trabalhar em dias alternados conforme carga hor\u00e1ria prevista em contrato, de acordo com a organiza\u00e7\u00e3o de sua chefia, durante o per\u00edodo de 30 dias. Inclui-se: Almoxarifado Central e Hospitalar; Banco de Sangue; Caldeira Gest\u00e3o de Pessoas; Interna\u00e7\u00e3o; CERON; Hemodi\u00e1lise; Hemodin\u00e2mica; Centro Cir\u00fargico; Cemit\u00e9rio; Centro de Diagn\u00f3stico por Imagem (CDI); Laborat\u00f3rio Cl\u00ednico; CIHDOTT; Contratualiza\u00e7\u00e3o; Compras; Costura; CPD; Contabilidade\/Financeiro; Contas m\u00e9dicas; Associa\u00e7\u00e3o dos Funcion\u00e1rios da Santa Casa de Pelotas; Recursos Humanos, SESMT e Traumatologia.<\/span><\/p>\n<\/div>\n","protected":false},"excerpt":{"rendered":"<p>&nbsp; *Atualizado em 24 de mar\u00e7o, 8h32. O Coronav\u00edrus (COVID-19) j\u00e1 infectou mais de 2000 pessoas no Brasil, causando a paralisa\u00e7\u00e3o das aulas em escolas e universidades, eventos culturais e mudando a rotina de v\u00e1rias institui\u00e7\u00f5es de Sa\u00fade. A Santa Casa de Pelotas \u00e9 uma delas, portanto algumas medidas foram tomadas para precau\u00e7\u00e3o. Medidas relativas [&hellip;]<\/p>\n","protected":false},"author":6,"featured_media":826,"comment_status":"open","ping_status":"open","sticky":false,"template":"","format":"standard","meta":{"footnotes":""},"categories":[6],"tags":[],"_links":{"self":[{"href":"http:\/\/santacasadepelotas.com.br\/index.php\/wp-json\/wp\/v2\/posts\/825"}],"collection":[{"href":"http:\/\/santacasadepelotas.com.br\/index.php\/wp-json\/wp\/v2\/posts"}],"about":[{"href":"http:\/\/santacasadepelotas.com.br\/index.php\/wp-json\/wp\/v2\/types\/post"}],"author":[{"embeddable":true,"href":"http:\/\/santacasadepelotas.com.br\/index.php\/wp-json\/wp\/v2\/users\/6"}],"replies":[{"embeddable":true,"href":"http:\/\/santacasadepelotas.com.br\/index.php\/wp-json\/wp\/v2\/comments?post=825"}],"version-history":[{"count":5,"href":"http:\/\/santacasadepelotas.com.br\/index.php\/wp-json\/wp\/v2\/posts\/825\/revisions"}],"predecessor-version":[{"id":831,"href":"http:\/\/santacasadepelotas.com.br\/index.php\/wp-json\/wp\/v2\/posts\/825\/revisions\/831"}],"wp:featuredmedia":[{"embeddable":true,"href":"http:\/\/santacasadepelotas.com.br\/index.php\/wp-json\/wp\/v2\/media\/826"}],"wp:attachment":[{"href":"http:\/\/santacasadepelotas.com.br\/index.php\/wp-json\/wp\/v2\/media?parent=825"}],"wp:term":[{"taxonomy":"category","embeddable":true,"href":"http:\/\/santacasadepelotas.com.br\/index.php\/wp-json\/wp\/v2\/categories?post=825"},{"taxonomy":"post_tag","embeddable":true,"href":"http:\/\/santacasadepelotas.com.br\/index.php\/wp-json\/wp\/v2\/tags?post=825"}],"curies":[{"name":"wp","href":"https:\/\/api.w.org\/{rel}","templated":true}]}}