{"id":819,"date":"2020-03-02T10:45:12","date_gmt":"2020-03-02T13:45:12","guid":{"rendered":"http:\/\/santacasadepelotas.com.br\/?p=819"},"modified":"2020-03-02T10:45:12","modified_gmt":"2020-03-02T13:45:12","slug":"turma-de-residencia-medica-e-formada","status":"publish","type":"post","link":"http:\/\/santacasadepelotas.com.br\/index.php\/2020\/03\/02\/turma-de-residencia-medica-e-formada\/","title":{"rendered":"Turma de resid\u00eancia M\u00e9dica \u00e9 formada"},"content":{"rendered":"<p>&nbsp;<\/p>\n<p>&nbsp;<\/p>\n<p><span style=\"font-family: arial, helvetica, sans-serif; font-size: 18pt;\">Ap\u00f3s 3 anos de resid\u00eancia na Santa Casa, os m\u00e9dicos participantes do programa foram formados como especialistas na sexta-feira (28) em uma solenidade realizada no audit\u00f3rio do hospital.\u00a0<\/span><\/p>\n<p><span style=\"font-family: arial, helvetica, sans-serif; font-size: 18pt;\">Contando com a presen\u00e7a da dire\u00e7\u00e3o m\u00e9dica administrativa da Santa Casa, al\u00e9m dos familiares, foram formados os seguintes profissionais: <\/span><\/p>\n<p><span style=\"font-family: arial, helvetica, sans-serif; font-size: 18pt;\">Dra. Amanda Acosta Mendel &#8211; Ortopedia e Traumatologia<\/span><\/p>\n<p><span style=\"font-family: arial, helvetica, sans-serif; font-size: 18pt;\">Dr. Claudir Antonio da Silva Junior &#8211; Radiologia e Diagn\u00f3stico por Imagem<\/span><\/p>\n<p><span style=\"font-family: arial, helvetica, sans-serif; font-size: 18pt;\">Dra. Marina Comba Contiere &#8211; Ortopedia e Traumatologia\u00a0<\/span><\/p>\n<p><span style=\"font-family: arial, helvetica, sans-serif; font-size: 18pt;\">Dr. Raul\u00e9rio Goulart Papini &#8211; Medicina Intensiva<\/span><\/p>\n<p>&nbsp;<\/p>\n<p>&nbsp;<\/p>\n","protected":false},"excerpt":{"rendered":"<p>&nbsp; &nbsp; Ap\u00f3s 3 anos de resid\u00eancia na Santa Casa, os m\u00e9dicos participantes do programa foram formados como especialistas na sexta-feira (28) em uma solenidade realizada no audit\u00f3rio do hospital.\u00a0 Contando com a presen\u00e7a da dire\u00e7\u00e3o m\u00e9dica administrativa da Santa Casa, al\u00e9m dos familiares, foram formados os seguintes profissionais: Dra. Amanda Acosta Mendel &#8211; Ortopedia [&hellip;]<\/p>\n","protected":false},"author":6,"featured_media":818,"comment_status":"open","ping_status":"open","sticky":false,"template":"","format":"standard","meta":{"footnotes":""},"categories":[6],"tags":[],"_links":{"self":[{"href":"http:\/\/santacasadepelotas.com.br\/index.php\/wp-json\/wp\/v2\/posts\/819"}],"collection":[{"href":"http:\/\/santacasadepelotas.com.br\/index.php\/wp-json\/wp\/v2\/posts"}],"about":[{"href":"http:\/\/santacasadepelotas.com.br\/index.php\/wp-json\/wp\/v2\/types\/post"}],"author":[{"embeddable":true,"href":"http:\/\/santacasadepelotas.com.br\/index.php\/wp-json\/wp\/v2\/users\/6"}],"replies":[{"embeddable":true,"href":"http:\/\/santacasadepelotas.com.br\/index.php\/wp-json\/wp\/v2\/comments?post=819"}],"version-history":[{"count":1,"href":"http:\/\/santacasadepelotas.com.br\/index.php\/wp-json\/wp\/v2\/posts\/819\/revisions"}],"predecessor-version":[{"id":820,"href":"http:\/\/santacasadepelotas.com.br\/index.php\/wp-json\/wp\/v2\/posts\/819\/revisions\/820"}],"wp:featuredmedia":[{"embeddable":true,"href":"http:\/\/santacasadepelotas.com.br\/index.php\/wp-json\/wp\/v2\/media\/818"}],"wp:attachment":[{"href":"http:\/\/santacasadepelotas.com.br\/index.php\/wp-json\/wp\/v2\/media?parent=819"}],"wp:term":[{"taxonomy":"category","embeddable":true,"href":"http:\/\/santacasadepelotas.com.br\/index.php\/wp-json\/wp\/v2\/categories?post=819"},{"taxonomy":"post_tag","embeddable":true,"href":"http:\/\/santacasadepelotas.com.br\/index.php\/wp-json\/wp\/v2\/tags?post=819"}],"curies":[{"name":"wp","href":"https:\/\/api.w.org\/{rel}","templated":true}]}}