{"id":3634,"date":"2025-08-29T16:16:35","date_gmt":"2025-08-29T19:16:35","guid":{"rendered":"https:\/\/santacasadepelotas.com.br\/?p=3634"},"modified":"2025-09-10T16:18:40","modified_gmt":"2025-09-10T19:18:40","slug":"nota-de-pesar-dom-jayme-henrique-chemello","status":"publish","type":"post","link":"http:\/\/santacasadepelotas.com.br\/index.php\/2025\/08\/29\/nota-de-pesar-dom-jayme-henrique-chemello\/","title":{"rendered":"Nota de pesar: Dom Jayme Henrique Chemello"},"content":{"rendered":"<p>&nbsp;<\/p>\n<p>\u00c9 com profundo pesar que viemos prestar as nossas condol\u00eancias aos entes queridos de Dom Jayme Henrique Chemello, Bispo Em\u00e9rito de Pelotas, cujo falecimento ocorreu nesta sexta-feira, 29 de agosto, aos 93 anos.<\/p>\n<p>Nesse momento de luto e dor, desejamos for\u00e7a aos familiares, amigos e fi\u00e9is de Dom Jayme, e que seu legado de f\u00e9, dedica\u00e7\u00e3o e servi\u00e7o \u00e0 comunidade permane\u00e7a por muitos anos.<\/p>\n<p>Dai-lhe, Senhor, o descanso eterno e a luz perp\u00e9tua o ilumine!<\/p>\n","protected":false},"excerpt":{"rendered":"<p>&nbsp; \u00c9 com profundo pesar que viemos prestar as nossas condol\u00eancias aos entes queridos de Dom Jayme Henrique Chemello, Bispo Em\u00e9rito de Pelotas, cujo falecimento ocorreu nesta sexta-feira, 29 de agosto, aos 93 anos. Nesse momento de luto e dor, desejamos for\u00e7a aos familiares, amigos e fi\u00e9is de Dom Jayme, e que seu legado de [&hellip;]<\/p>\n","protected":false},"author":6,"featured_media":3632,"comment_status":"closed","ping_status":"closed","sticky":false,"template":"","format":"standard","meta":{"footnotes":""},"categories":[6],"tags":[354],"_links":{"self":[{"href":"http:\/\/santacasadepelotas.com.br\/index.php\/wp-json\/wp\/v2\/posts\/3634"}],"collection":[{"href":"http:\/\/santacasadepelotas.com.br\/index.php\/wp-json\/wp\/v2\/posts"}],"about":[{"href":"http:\/\/santacasadepelotas.com.br\/index.php\/wp-json\/wp\/v2\/types\/post"}],"author":[{"embeddable":true,"href":"http:\/\/santacasadepelotas.com.br\/index.php\/wp-json\/wp\/v2\/users\/6"}],"replies":[{"embeddable":true,"href":"http:\/\/santacasadepelotas.com.br\/index.php\/wp-json\/wp\/v2\/comments?post=3634"}],"version-history":[{"count":2,"href":"http:\/\/santacasadepelotas.com.br\/index.php\/wp-json\/wp\/v2\/posts\/3634\/revisions"}],"predecessor-version":[{"id":3636,"href":"http:\/\/santacasadepelotas.com.br\/index.php\/wp-json\/wp\/v2\/posts\/3634\/revisions\/3636"}],"wp:featuredmedia":[{"embeddable":true,"href":"http:\/\/santacasadepelotas.com.br\/index.php\/wp-json\/wp\/v2\/media\/3632"}],"wp:attachment":[{"href":"http:\/\/santacasadepelotas.com.br\/index.php\/wp-json\/wp\/v2\/media?parent=3634"}],"wp:term":[{"taxonomy":"category","embeddable":true,"href":"http:\/\/santacasadepelotas.com.br\/index.php\/wp-json\/wp\/v2\/categories?post=3634"},{"taxonomy":"post_tag","embeddable":true,"href":"http:\/\/santacasadepelotas.com.br\/index.php\/wp-json\/wp\/v2\/tags?post=3634"}],"curies":[{"name":"wp","href":"https:\/\/api.w.org\/{rel}","templated":true}]}}