{"id":3346,"date":"2025-07-10T15:15:18","date_gmt":"2025-07-10T18:15:18","guid":{"rendered":"https:\/\/santacasadepelotas.com.br\/?p=3346"},"modified":"2025-07-14T17:46:31","modified_gmt":"2025-07-14T20:46:31","slug":"dia-de-tbt-relembre-a-entrevista-do-angelo-ortiz-provedor-da-santa-casa-de-pelotas-para-a-radio-tupanci","status":"publish","type":"post","link":"http:\/\/santacasadepelotas.com.br\/index.php\/2025\/07\/10\/dia-de-tbt-relembre-a-entrevista-do-angelo-ortiz-provedor-da-santa-casa-de-pelotas-para-a-radio-tupanci\/","title":{"rendered":"Dia de TBT: relembre a entrevista do \u00c2ngelo Ortiz, Provedor da Santa Casa de Pelotas, para a R\u00e1dio Tupanci"},"content":{"rendered":"<p>&nbsp;<\/p>\n<p>Hoje \u00e9 quinta-feira, o famoso dia de tbt <em>(throwback thursday, ou, em portugu\u00eas, quinta-feira nost\u00e1lgica),\u00a0<\/em>ent\u00e3o, que tal relembrarmos a entrevista dada pelo Provedor da Santa Casa de Miseric\u00f3rdia de Pelotas para a R\u00e1dio Tupanci?<\/p>\n<p>No dia 23 de junho, \u00c2ngelo Ortiz, o nosso Provedor, acompanhado pelo diretor financeiro, Sebasti\u00e3o Ka\u00e9, do diretor administrativo, Ademar Soares, e do engenheiro, Henrique Sedrez, participaram do programa \u201cHora Marcada\u201d para uma conversa transparente e importante sobre os desafios, conquistas e projetos do hospital.<\/p>\n<p>Durante a entrevista, refor\u00e7amos o nosso compromisso com a sa\u00fade da comunidade e em manter esfor\u00e7os di\u00e1rios para oferecer um atendimento cada vez mais humanizado. Seguiremos trabalhando com responsabilidade e dedica\u00e7\u00e3o, sempre de portas abertas ao di\u00e1logo.<\/p>\n<p><a href=\"http:\/\/santacasadepelotas.com.br\/wp-content\/uploads\/2025\/07\/IMG_7311.jpg\"><img loading=\"lazy\" decoding=\"async\" class=\"alignnone size-full wp-image-3349\" src=\"http:\/\/santacasadepelotas.com.br\/wp-content\/uploads\/2025\/07\/IMG_7311.jpg\" alt=\"\" width=\"1632\" height=\"919\" srcset=\"http:\/\/santacasadepelotas.com.br\/wp-content\/uploads\/2025\/07\/IMG_7311.jpg 1632w, http:\/\/santacasadepelotas.com.br\/wp-content\/uploads\/2025\/07\/IMG_7311-300x169.jpg 300w, http:\/\/santacasadepelotas.com.br\/wp-content\/uploads\/2025\/07\/IMG_7311-1024x577.jpg 1024w, http:\/\/santacasadepelotas.com.br\/wp-content\/uploads\/2025\/07\/IMG_7311-768x432.jpg 768w, http:\/\/santacasadepelotas.com.br\/wp-content\/uploads\/2025\/07\/IMG_7311-1536x865.jpg 1536w, http:\/\/santacasadepelotas.com.br\/wp-content\/uploads\/2025\/07\/IMG_7311-1170x658.jpg 1170w, http:\/\/santacasadepelotas.com.br\/wp-content\/uploads\/2025\/07\/IMG_7311-560x315.jpg 560w\" sizes=\"(max-width: 1632px) 100vw, 1632px\" \/><\/a><\/p>\n","protected":false},"excerpt":{"rendered":"<p>&nbsp; Hoje \u00e9 quinta-feira, o famoso dia de tbt (throwback thursday, ou, em portugu\u00eas, quinta-feira nost\u00e1lgica),\u00a0ent\u00e3o, que tal relembrarmos a entrevista dada pelo Provedor da Santa Casa de Miseric\u00f3rdia de Pelotas para a R\u00e1dio Tupanci? No dia 23 de junho, \u00c2ngelo Ortiz, o nosso Provedor, acompanhado pelo diretor financeiro, Sebasti\u00e3o Ka\u00e9, do diretor administrativo, Ademar [&hellip;]<\/p>\n","protected":false},"author":6,"featured_media":3347,"comment_status":"closed","ping_status":"closed","sticky":false,"template":"","format":"standard","meta":{"footnotes":""},"categories":[6],"tags":[336,338,339,337],"_links":{"self":[{"href":"http:\/\/santacasadepelotas.com.br\/index.php\/wp-json\/wp\/v2\/posts\/3346"}],"collection":[{"href":"http:\/\/santacasadepelotas.com.br\/index.php\/wp-json\/wp\/v2\/posts"}],"about":[{"href":"http:\/\/santacasadepelotas.com.br\/index.php\/wp-json\/wp\/v2\/types\/post"}],"author":[{"embeddable":true,"href":"http:\/\/santacasadepelotas.com.br\/index.php\/wp-json\/wp\/v2\/users\/6"}],"replies":[{"embeddable":true,"href":"http:\/\/santacasadepelotas.com.br\/index.php\/wp-json\/wp\/v2\/comments?post=3346"}],"version-history":[{"count":3,"href":"http:\/\/santacasadepelotas.com.br\/index.php\/wp-json\/wp\/v2\/posts\/3346\/revisions"}],"predecessor-version":[{"id":3377,"href":"http:\/\/santacasadepelotas.com.br\/index.php\/wp-json\/wp\/v2\/posts\/3346\/revisions\/3377"}],"wp:featuredmedia":[{"embeddable":true,"href":"http:\/\/santacasadepelotas.com.br\/index.php\/wp-json\/wp\/v2\/media\/3347"}],"wp:attachment":[{"href":"http:\/\/santacasadepelotas.com.br\/index.php\/wp-json\/wp\/v2\/media?parent=3346"}],"wp:term":[{"taxonomy":"category","embeddable":true,"href":"http:\/\/santacasadepelotas.com.br\/index.php\/wp-json\/wp\/v2\/categories?post=3346"},{"taxonomy":"post_tag","embeddable":true,"href":"http:\/\/santacasadepelotas.com.br\/index.php\/wp-json\/wp\/v2\/tags?post=3346"}],"curies":[{"name":"wp","href":"https:\/\/api.w.org\/{rel}","templated":true}]}}