{"id":2052,"date":"2021-03-31T20:08:16","date_gmt":"2021-03-31T23:08:16","guid":{"rendered":"https:\/\/santacasadepelotas.com.br\/?p=2052"},"modified":"2024-04-24T14:09:16","modified_gmt":"2024-04-24T17:09:16","slug":"nova-mesa-administrativa-e-conselho-fiscal-sao-empossados","status":"publish","type":"post","link":"http:\/\/santacasadepelotas.com.br\/index.php\/2021\/03\/31\/nova-mesa-administrativa-e-conselho-fiscal-sao-empossados\/","title":{"rendered":"Nova Mesa Administrativa e Conselho Fiscal s\u00e3o empossados"},"content":{"rendered":"<p>Eleita no in\u00edcio do m\u00eas de mar\u00e7o, a nova Mesa Administrativa e Conselho Fiscal tomaram posse em um evento realizado no dia 31 de mar\u00e7o, com um pequeno grupo no audit\u00f3rio do hospital. De forma virtual, o Dr. Jo\u00e3o Francisco Neves da Silva oficialmente passou seu cargo de Provedor para o Dr. Maur\u00edcio Alberto Goldbaum, que a partir do dia 1\u00ba de abril poder\u00e1 exercer sua fun\u00e7\u00e3o como o 42\u00ba Provedor da Santa Casa de Pelotas.<br \/>\nAgradecemos o Dr. Neves pela sua dedica\u00e7\u00e3o e cuidado com o nosso hospital durante seu mandato como Vice-Provedor e posteriormente como Provedor. Desejamos sucesso tamb\u00e9m para o Provedor Dr. Maur\u00edcio Goldbaum, para o Vice-Provedor Eng. Ubirajara Terra e para todos os membros da Mesa e Conselho nesta nova jornada.<\/p>\n<p>Saiba quem comp\u00f5e a Mesa Administrativa e o Conselho Fiscal:<\/p>\n<p>?Mesa Administrativa<\/p>\n<p>Provedor: Maur\u00edcio Alberto Goldbaum<br \/>\nVice Provedor: Ubirajara Terra a<br \/>\nEscriv\u00e3o: M\u00e1rio Zanetti<br \/>\nEscriv\u00e3o Adj.: Oswaldo Costa Filho<br \/>\nTesoureiro: Fernando Passos da Rocha<br \/>\nTesoureira Adj.: Nilton Haertel Gomes<\/p>\n<p>Mes\u00e1rios:<br \/>\nAdolfo Ant\u00f4nio Fetter J\u00fanior<br \/>\nCilot\u00e9r Borges Iribarrem<br \/>\nF\u00e9lix Ant\u00f4nio Insaurriaga Dos Santos<br \/>\nJos\u00e9 Augusto Froner Bicca<br \/>\nJos\u00e9 Antonio Miranda Abrantes<br \/>\nJos\u00e9 Fernando Gonzalez<br \/>\nSuplentes de Mes\u00e1rios:<br \/>\nLu\u00eds Ol\u00edmpio Dias Jord\u00e3o<br \/>\nRoberto Osvaldo Pont Zambonatto<\/p>\n<p>?Conselho Fiscal<\/p>\n<p>Titulares:<br \/>\nEdilson Teixeira do Amaral Brito<br \/>\nPedro Renato Ribeiro Guimar\u00e3es<br \/>\nJos\u00e9 Francisco Lamas Domingues<br \/>\nSuplentes:<br \/>\nJo\u00e3o Taceli Finamor Machado<br \/>\nNedilandy Silveira Cleff<br \/>\nS\u00e9rgio Roberto Quadros Massot<\/p>\n<p><img loading=\"lazy\" decoding=\"async\" class=\"alignnone size-full wp-image-2054\" src=\"http:\/\/santacasadepelotas.com.br\/wp-content\/uploads\/2024\/04\/WhatsApp-Image-2024-04-24-at-13.59.31-3.jpeg\" alt=\"\" width=\"828\" height=\"514\" srcset=\"http:\/\/santacasadepelotas.com.br\/wp-content\/uploads\/2024\/04\/WhatsApp-Image-2024-04-24-at-13.59.31-3.jpeg 828w, http:\/\/santacasadepelotas.com.br\/wp-content\/uploads\/2024\/04\/WhatsApp-Image-2024-04-24-at-13.59.31-3-300x186.jpeg 300w, http:\/\/santacasadepelotas.com.br\/wp-content\/uploads\/2024\/04\/WhatsApp-Image-2024-04-24-at-13.59.31-3-768x477.jpeg 768w\" sizes=\"(max-width: 828px) 100vw, 828px\" \/> <img loading=\"lazy\" decoding=\"async\" class=\"alignnone size-full wp-image-2053\" src=\"http:\/\/santacasadepelotas.com.br\/wp-content\/uploads\/2024\/04\/WhatsApp-Image-2024-04-24-at-13.59.31-4.jpeg\" alt=\"\" width=\"828\" height=\"533\" srcset=\"http:\/\/santacasadepelotas.com.br\/wp-content\/uploads\/2024\/04\/WhatsApp-Image-2024-04-24-at-13.59.31-4.jpeg 828w, http:\/\/santacasadepelotas.com.br\/wp-content\/uploads\/2024\/04\/WhatsApp-Image-2024-04-24-at-13.59.31-4-300x193.jpeg 300w, http:\/\/santacasadepelotas.com.br\/wp-content\/uploads\/2024\/04\/WhatsApp-Image-2024-04-24-at-13.59.31-4-768x494.jpeg 768w\" sizes=\"(max-width: 828px) 100vw, 828px\" \/><\/p>\n","protected":false},"excerpt":{"rendered":"<p>Eleita no in\u00edcio do m\u00eas de mar\u00e7o, a nova Mesa Administrativa e Conselho Fiscal tomaram posse em um evento realizado no dia 31 de mar\u00e7o, com um pequeno grupo no audit\u00f3rio do hospital. De forma virtual, o Dr. Jo\u00e3o Francisco Neves da Silva oficialmente passou seu cargo de Provedor para o Dr. Maur\u00edcio Alberto Goldbaum, [&hellip;]<\/p>\n","protected":false},"author":6,"featured_media":2054,"comment_status":"closed","ping_status":"closed","sticky":false,"template":"","format":"standard","meta":{"footnotes":""},"categories":[6],"tags":[],"_links":{"self":[{"href":"http:\/\/santacasadepelotas.com.br\/index.php\/wp-json\/wp\/v2\/posts\/2052"}],"collection":[{"href":"http:\/\/santacasadepelotas.com.br\/index.php\/wp-json\/wp\/v2\/posts"}],"about":[{"href":"http:\/\/santacasadepelotas.com.br\/index.php\/wp-json\/wp\/v2\/types\/post"}],"author":[{"embeddable":true,"href":"http:\/\/santacasadepelotas.com.br\/index.php\/wp-json\/wp\/v2\/users\/6"}],"replies":[{"embeddable":true,"href":"http:\/\/santacasadepelotas.com.br\/index.php\/wp-json\/wp\/v2\/comments?post=2052"}],"version-history":[{"count":1,"href":"http:\/\/santacasadepelotas.com.br\/index.php\/wp-json\/wp\/v2\/posts\/2052\/revisions"}],"predecessor-version":[{"id":2055,"href":"http:\/\/santacasadepelotas.com.br\/index.php\/wp-json\/wp\/v2\/posts\/2052\/revisions\/2055"}],"wp:featuredmedia":[{"embeddable":true,"href":"http:\/\/santacasadepelotas.com.br\/index.php\/wp-json\/wp\/v2\/media\/2054"}],"wp:attachment":[{"href":"http:\/\/santacasadepelotas.com.br\/index.php\/wp-json\/wp\/v2\/media?parent=2052"}],"wp:term":[{"taxonomy":"category","embeddable":true,"href":"http:\/\/santacasadepelotas.com.br\/index.php\/wp-json\/wp\/v2\/categories?post=2052"},{"taxonomy":"post_tag","embeddable":true,"href":"http:\/\/santacasadepelotas.com.br\/index.php\/wp-json\/wp\/v2\/tags?post=2052"}],"curies":[{"name":"wp","href":"https:\/\/api.w.org\/{rel}","templated":true}]}}