{"id":2042,"date":"2021-05-20T20:05:11","date_gmt":"2021-05-20T23:05:11","guid":{"rendered":"https:\/\/santacasadepelotas.com.br\/?p=2042"},"modified":"2024-04-24T14:04:57","modified_gmt":"2024-04-24T17:04:57","slug":"santa-casa-de-pelotas-encerra-xxi-semana-de-enfermagem-com-sucesso-e-reconhecimento","status":"publish","type":"post","link":"http:\/\/santacasadepelotas.com.br\/index.php\/2021\/05\/20\/santa-casa-de-pelotas-encerra-xxi-semana-de-enfermagem-com-sucesso-e-reconhecimento\/","title":{"rendered":"Santa Casa de Pelotas Encerra XXI Semana de Enfermagem com Sucesso e Reconhecimento"},"content":{"rendered":"<p>Terminou hoje (20), a XXI Semana de Enfermagem na Santa Casa de Pelotas. O evento iniciou no dia 12 de maio, dia do Enfermeiro, e encerrou nesta quinta, em alus\u00e3o ao dia do T\u00e9cnico de Enfermagem.<\/p>\n<p>Foram diversas palestras que agregaram conhecimento t\u00e9cnico e pessoal aos nossos colaboradores, al\u00e9m disso, momentos descontra\u00eddos, como a mesa redonda composta por funcion\u00e1rios e o sorteio e entrega de brindes fornecidos pelos apoiadores.<\/p>\n<p>\u00c9 motivo de orgulho para a santa Casa de Pelotas ver a uni\u00e3o e a vontade de crescimento que T\u00e9cnicos de Enfermagem e Enfermeiros promovem a cada dia, na Institui\u00e7\u00e3o.<\/p>\n<p>Confira mais fotos em nossa p\u00e1gina do Facebook!<\/p>\n<p>Agradecimento especial aos palestrantes:<br \/>\n\u2014 Charles Valad\u00e3o<br \/>\n\u2014 Roberto Fehrenbach<br \/>\n\u2014 Ana Paula Mesquita<br \/>\n\u2014 F\u00e1bia Richter<\/p>\n<p>Mesa Redonda:<br \/>\n\u2014 Valdirene dos Santos<br \/>\n\u2014 Andrei Cruz Blank<br \/>\n\u2014 Marcilene Oliveira da Cruz<br \/>\n\u2014 Jaqueline Domingues<\/p>\n<p>Apoiadores:<br \/>\n\u2014 Alles Blau<br \/>\n\u2014 Dimaci<br \/>\n\u2014 G.Gotuzzo<br \/>\n\u2014 Jomh\u00e9dica<br \/>\n\u2014 KNN Idiomas<br \/>\n\u2014 Servi\u00e7o de Anestesiologia de Pelotas<\/p>\n<p><img loading=\"lazy\" decoding=\"async\" class=\"alignnone size-full wp-image-2043\" src=\"http:\/\/santacasadepelotas.com.br\/wp-content\/uploads\/2024\/04\/WhatsApp-Image-2024-04-24-at-13.59.32-1.jpeg\" alt=\"\" width=\"828\" height=\"531\" srcset=\"http:\/\/santacasadepelotas.com.br\/wp-content\/uploads\/2024\/04\/WhatsApp-Image-2024-04-24-at-13.59.32-1.jpeg 828w, http:\/\/santacasadepelotas.com.br\/wp-content\/uploads\/2024\/04\/WhatsApp-Image-2024-04-24-at-13.59.32-1-300x192.jpeg 300w, http:\/\/santacasadepelotas.com.br\/wp-content\/uploads\/2024\/04\/WhatsApp-Image-2024-04-24-at-13.59.32-1-768x493.jpeg 768w\" sizes=\"(max-width: 828px) 100vw, 828px\" \/> <img loading=\"lazy\" decoding=\"async\" class=\"alignnone size-full wp-image-2044\" src=\"http:\/\/santacasadepelotas.com.br\/wp-content\/uploads\/2024\/04\/WhatsApp-Image-2024-04-24-at-13.59.32.jpeg\" alt=\"\" width=\"828\" height=\"538\" srcset=\"http:\/\/santacasadepelotas.com.br\/wp-content\/uploads\/2024\/04\/WhatsApp-Image-2024-04-24-at-13.59.32.jpeg 828w, http:\/\/santacasadepelotas.com.br\/wp-content\/uploads\/2024\/04\/WhatsApp-Image-2024-04-24-at-13.59.32-300x195.jpeg 300w, http:\/\/santacasadepelotas.com.br\/wp-content\/uploads\/2024\/04\/WhatsApp-Image-2024-04-24-at-13.59.32-768x499.jpeg 768w\" sizes=\"(max-width: 828px) 100vw, 828px\" \/> <img loading=\"lazy\" decoding=\"async\" class=\"alignnone size-full wp-image-2045\" src=\"http:\/\/santacasadepelotas.com.br\/wp-content\/uploads\/2024\/04\/WhatsApp-Image-2024-04-24-at-13.59.31-5.jpeg\" alt=\"\" width=\"828\" height=\"516\" srcset=\"http:\/\/santacasadepelotas.com.br\/wp-content\/uploads\/2024\/04\/WhatsApp-Image-2024-04-24-at-13.59.31-5.jpeg 828w, http:\/\/santacasadepelotas.com.br\/wp-content\/uploads\/2024\/04\/WhatsApp-Image-2024-04-24-at-13.59.31-5-300x187.jpeg 300w, http:\/\/santacasadepelotas.com.br\/wp-content\/uploads\/2024\/04\/WhatsApp-Image-2024-04-24-at-13.59.31-5-768x479.jpeg 768w\" sizes=\"(max-width: 828px) 100vw, 828px\" \/><\/p>\n","protected":false},"excerpt":{"rendered":"<p>Terminou hoje (20), a XXI Semana de Enfermagem na Santa Casa de Pelotas. O evento iniciou no dia 12 de maio, dia do Enfermeiro, e encerrou nesta quinta, em alus\u00e3o ao dia do T\u00e9cnico de Enfermagem. Foram diversas palestras que agregaram conhecimento t\u00e9cnico e pessoal aos nossos colaboradores, al\u00e9m disso, momentos descontra\u00eddos, como a mesa [&hellip;]<\/p>\n","protected":false},"author":6,"featured_media":2045,"comment_status":"closed","ping_status":"closed","sticky":false,"template":"","format":"standard","meta":{"footnotes":""},"categories":[6],"tags":[],"_links":{"self":[{"href":"http:\/\/santacasadepelotas.com.br\/index.php\/wp-json\/wp\/v2\/posts\/2042"}],"collection":[{"href":"http:\/\/santacasadepelotas.com.br\/index.php\/wp-json\/wp\/v2\/posts"}],"about":[{"href":"http:\/\/santacasadepelotas.com.br\/index.php\/wp-json\/wp\/v2\/types\/post"}],"author":[{"embeddable":true,"href":"http:\/\/santacasadepelotas.com.br\/index.php\/wp-json\/wp\/v2\/users\/6"}],"replies":[{"embeddable":true,"href":"http:\/\/santacasadepelotas.com.br\/index.php\/wp-json\/wp\/v2\/comments?post=2042"}],"version-history":[{"count":1,"href":"http:\/\/santacasadepelotas.com.br\/index.php\/wp-json\/wp\/v2\/posts\/2042\/revisions"}],"predecessor-version":[{"id":2046,"href":"http:\/\/santacasadepelotas.com.br\/index.php\/wp-json\/wp\/v2\/posts\/2042\/revisions\/2046"}],"wp:featuredmedia":[{"embeddable":true,"href":"http:\/\/santacasadepelotas.com.br\/index.php\/wp-json\/wp\/v2\/media\/2045"}],"wp:attachment":[{"href":"http:\/\/santacasadepelotas.com.br\/index.php\/wp-json\/wp\/v2\/media?parent=2042"}],"wp:term":[{"taxonomy":"category","embeddable":true,"href":"http:\/\/santacasadepelotas.com.br\/index.php\/wp-json\/wp\/v2\/categories?post=2042"},{"taxonomy":"post_tag","embeddable":true,"href":"http:\/\/santacasadepelotas.com.br\/index.php\/wp-json\/wp\/v2\/tags?post=2042"}],"curies":[{"name":"wp","href":"https:\/\/api.w.org\/{rel}","templated":true}]}}