{"id":1984,"date":"2022-02-14T18:11:47","date_gmt":"2022-02-14T21:11:47","guid":{"rendered":"https:\/\/santacasadepelotas.com.br\/?p=1984"},"modified":"2024-04-23T11:17:24","modified_gmt":"2024-04-23T14:17:24","slug":"santa-casa-e-ucpel-assinam-convenio-para-atuacao-de-academicos-do-curso-de-medicina","status":"publish","type":"post","link":"http:\/\/santacasadepelotas.com.br\/index.php\/2022\/02\/14\/santa-casa-e-ucpel-assinam-convenio-para-atuacao-de-academicos-do-curso-de-medicina\/","title":{"rendered":"Santa Casa e UCPel assinam conv\u00eanio para atua\u00e7\u00e3o de acad\u00eamicos do curso de Medicina"},"content":{"rendered":"<p>Foi assinado nesta quinta feira (10 de fevereiro) um conv\u00eanio entre a Universidade Cat\u00f3lica de Pelotas (UCPel) e a Santa Casa de Pelotas, para que acad\u00eamicos dos 5\u00b0 e 6\u00b0 anos de Medicina, matriculados no est\u00e1gio curricular obrigat\u00f3rio, possam atuar e se aperfei\u00e7oar de forma pr\u00e1tica, nas depend\u00eancias do hospital em diversas especialidades como: Oncologia, Cardiologia, Traumatologia e Ortopedia e da Anestesiologia.<\/p>\n<p>De acordo com a coordenadora do curso de Medicina, professora Regina da Silveira, a Santa Casa foi escolhida por ser refer\u00eancia nessas \u00e1reas. \u201cNosso curso cresceu muito. Devido a isso, estamos buscando novos cen\u00e1rios para qualificar a forma\u00e7\u00e3o do aluno\u201d, explicou.<br \/>\nDurante a cerim\u00f4nia de assinatura, Jos\u00e9 Carlos Pereira Bachettini J\u00fanior, reitor da UCPel, lembrou que a Santa Casa de Pelotas foi o primeiro hospital de ensino do curso de Medicina, criado no ano de 1962. \u201cA UCPel volta a ter como cen\u00e1rio de aprendizagem a Santa Casa. Para n\u00f3s, isso \u00e9 um motivo de muita honra\u201d.<\/p>\n<p>Para o provedor da Santa Casa, Maur\u00edcio Goldbaum, a tend\u00eancia \u00e9 que o conv\u00eanio se amplie com a chegada de novos alunos nos pr\u00f3ximos anos, considerando que o curso dever\u00e1 contar com 1.080 estudantes matriculados no ano de 2023, sendo assim, a UCPel \u00e9 considerada a maior escola m\u00e9dica do estado. \u201cQue os dois hospitais se tornem parceiros de servi\u00e7os e trocas de informa\u00e7\u00f5es. \u00c9 uma satisfa\u00e7\u00e3o muito grande assinar o conv\u00eanio e novamente ter a UCPel nas depend\u00eancias da Santa Casa. Eu, em especial, como filho da UCPel, me sinto gratificado com isso\u201d, finalizou o provedor.<\/p>\n<p>Para a Santa Casa \u00e9 uma honra poder participar desse processo formativo acad\u00eamico dos alunos da Universidade Cat\u00f3lica de Pelotas!<\/p>\n<p><img loading=\"lazy\" decoding=\"async\" class=\"alignnone size-full wp-image-1985\" src=\"http:\/\/santacasadepelotas.com.br\/wp-content\/uploads\/2024\/04\/IMG_2286.png\" alt=\"\" width=\"1656\" height=\"1084\" srcset=\"http:\/\/santacasadepelotas.com.br\/wp-content\/uploads\/2024\/04\/IMG_2286.png 1656w, http:\/\/santacasadepelotas.com.br\/wp-content\/uploads\/2024\/04\/IMG_2286-300x196.png 300w, http:\/\/santacasadepelotas.com.br\/wp-content\/uploads\/2024\/04\/IMG_2286-1024x670.png 1024w, http:\/\/santacasadepelotas.com.br\/wp-content\/uploads\/2024\/04\/IMG_2286-768x503.png 768w, http:\/\/santacasadepelotas.com.br\/wp-content\/uploads\/2024\/04\/IMG_2286-1536x1005.png 1536w\" sizes=\"(max-width: 1656px) 100vw, 1656px\" \/><\/p>\n","protected":false},"excerpt":{"rendered":"<p>Foi assinado nesta quinta feira (10 de fevereiro) um conv\u00eanio entre a Universidade Cat\u00f3lica de Pelotas (UCPel) e a Santa Casa de Pelotas, para que acad\u00eamicos dos 5\u00b0 e 6\u00b0 anos de Medicina, matriculados no est\u00e1gio curricular obrigat\u00f3rio, possam atuar e se aperfei\u00e7oar de forma pr\u00e1tica, nas depend\u00eancias do hospital em diversas especialidades como: Oncologia, [&hellip;]<\/p>\n","protected":false},"author":6,"featured_media":1985,"comment_status":"closed","ping_status":"closed","sticky":false,"template":"","format":"standard","meta":{"footnotes":""},"categories":[6],"tags":[45,8,44],"_links":{"self":[{"href":"http:\/\/santacasadepelotas.com.br\/index.php\/wp-json\/wp\/v2\/posts\/1984"}],"collection":[{"href":"http:\/\/santacasadepelotas.com.br\/index.php\/wp-json\/wp\/v2\/posts"}],"about":[{"href":"http:\/\/santacasadepelotas.com.br\/index.php\/wp-json\/wp\/v2\/types\/post"}],"author":[{"embeddable":true,"href":"http:\/\/santacasadepelotas.com.br\/index.php\/wp-json\/wp\/v2\/users\/6"}],"replies":[{"embeddable":true,"href":"http:\/\/santacasadepelotas.com.br\/index.php\/wp-json\/wp\/v2\/comments?post=1984"}],"version-history":[{"count":1,"href":"http:\/\/santacasadepelotas.com.br\/index.php\/wp-json\/wp\/v2\/posts\/1984\/revisions"}],"predecessor-version":[{"id":1986,"href":"http:\/\/santacasadepelotas.com.br\/index.php\/wp-json\/wp\/v2\/posts\/1984\/revisions\/1986"}],"wp:featuredmedia":[{"embeddable":true,"href":"http:\/\/santacasadepelotas.com.br\/index.php\/wp-json\/wp\/v2\/media\/1985"}],"wp:attachment":[{"href":"http:\/\/santacasadepelotas.com.br\/index.php\/wp-json\/wp\/v2\/media?parent=1984"}],"wp:term":[{"taxonomy":"category","embeddable":true,"href":"http:\/\/santacasadepelotas.com.br\/index.php\/wp-json\/wp\/v2\/categories?post=1984"},{"taxonomy":"post_tag","embeddable":true,"href":"http:\/\/santacasadepelotas.com.br\/index.php\/wp-json\/wp\/v2\/tags?post=1984"}],"curies":[{"name":"wp","href":"https:\/\/api.w.org\/{rel}","templated":true}]}}