{"id":1879,"date":"2023-05-19T17:48:39","date_gmt":"2023-05-19T20:48:39","guid":{"rendered":"http:\/\/santacasadepelotas.com.br\/?p=1879"},"modified":"2024-04-18T13:54:48","modified_gmt":"2024-04-18T16:54:48","slug":"rede-de-farmacias-sao-joao-inaugura-nova-loja-em-pelotas-com-doacao-de-50-das-vendas-para-a-santa-casa","status":"publish","type":"post","link":"http:\/\/santacasadepelotas.com.br\/index.php\/2023\/05\/19\/rede-de-farmacias-sao-joao-inaugura-nova-loja-em-pelotas-com-doacao-de-50-das-vendas-para-a-santa-casa\/","title":{"rendered":"Rede de Farm\u00e1cias S\u00e3o Jo\u00e3o inaugura nova loja em Pelotas com doa\u00e7\u00e3o de 50% das vendas para a Santa Casa"},"content":{"rendered":"<p>Inaugurada nesta sexta-feira (19), a nova filial da Rede de Farm\u00e1cias S\u00e3o Jo\u00e3o na cidade de Pelotas, o evento contou com a participa\u00e7\u00e3o online do propriet\u00e1rio e fundador senhor Pedro Henrique Kappaun Brair, do Provedor da Santa Casa de Miseric\u00f3rdia de Pelotas, Angelo Fernando Ortiz da Silva, Prefeita Paula Mascarenhas e demais autoridades, al\u00e9m da dire\u00e7\u00e3o e funcion\u00e1rios da Santa Casa que prestigiaram o evento.<\/p>\n<p>Em nota, o provedor refor\u00e7ou a parceria formada junto a rede de farm\u00e1cias em prol da doa\u00e7\u00e3o de 50% de toda a venda realizada ser\u00e1 doada para a Santa Casa de Pelotas. A loja oferece um espa\u00e7o especial no 2\u00ba pavimento para acomodar at\u00e9 30 pessoas, equipado com televis\u00e3o, geladeira, micro-ondas, dois banheiros, al\u00e9m de \u00e1gua e caf\u00e9 para os visitantes.<\/p>\n<p>&nbsp;<\/p>\n<p><img loading=\"lazy\" decoding=\"async\" class=\"alignnone size-full wp-image-1880\" src=\"http:\/\/santacasadepelotas.com.br\/wp-content\/uploads\/2024\/04\/aaad.jpg\" alt=\"\" width=\"798\" height=\"599\" srcset=\"http:\/\/santacasadepelotas.com.br\/wp-content\/uploads\/2024\/04\/aaad.jpg 798w, http:\/\/santacasadepelotas.com.br\/wp-content\/uploads\/2024\/04\/aaad-300x225.jpg 300w, http:\/\/santacasadepelotas.com.br\/wp-content\/uploads\/2024\/04\/aaad-768x576.jpg 768w\" sizes=\"(max-width: 798px) 100vw, 798px\" \/><\/p>\n<p><img loading=\"lazy\" decoding=\"async\" class=\"alignnone size-full wp-image-1881\" src=\"http:\/\/santacasadepelotas.com.br\/wp-content\/uploads\/2024\/04\/aada.jpg\" alt=\"\" width=\"798\" height=\"599\" srcset=\"http:\/\/santacasadepelotas.com.br\/wp-content\/uploads\/2024\/04\/aada.jpg 798w, http:\/\/santacasadepelotas.com.br\/wp-content\/uploads\/2024\/04\/aada-300x225.jpg 300w, http:\/\/santacasadepelotas.com.br\/wp-content\/uploads\/2024\/04\/aada-768x576.jpg 768w\" sizes=\"(max-width: 798px) 100vw, 798px\" \/><\/p>\n","protected":false},"excerpt":{"rendered":"<p>Inaugurada nesta sexta-feira (19), a nova filial da Rede de Farm\u00e1cias S\u00e3o Jo\u00e3o na cidade de Pelotas, o evento contou com a participa\u00e7\u00e3o online do propriet\u00e1rio e fundador senhor Pedro Henrique Kappaun Brair, do Provedor da Santa Casa de Miseric\u00f3rdia de Pelotas, Angelo Fernando Ortiz da Silva, Prefeita Paula Mascarenhas e demais autoridades, al\u00e9m da [&hellip;]<\/p>\n","protected":false},"author":6,"featured_media":1880,"comment_status":"closed","ping_status":"closed","sticky":false,"template":"","format":"standard","meta":{"footnotes":""},"categories":[6],"tags":[],"_links":{"self":[{"href":"http:\/\/santacasadepelotas.com.br\/index.php\/wp-json\/wp\/v2\/posts\/1879"}],"collection":[{"href":"http:\/\/santacasadepelotas.com.br\/index.php\/wp-json\/wp\/v2\/posts"}],"about":[{"href":"http:\/\/santacasadepelotas.com.br\/index.php\/wp-json\/wp\/v2\/types\/post"}],"author":[{"embeddable":true,"href":"http:\/\/santacasadepelotas.com.br\/index.php\/wp-json\/wp\/v2\/users\/6"}],"replies":[{"embeddable":true,"href":"http:\/\/santacasadepelotas.com.br\/index.php\/wp-json\/wp\/v2\/comments?post=1879"}],"version-history":[{"count":1,"href":"http:\/\/santacasadepelotas.com.br\/index.php\/wp-json\/wp\/v2\/posts\/1879\/revisions"}],"predecessor-version":[{"id":1882,"href":"http:\/\/santacasadepelotas.com.br\/index.php\/wp-json\/wp\/v2\/posts\/1879\/revisions\/1882"}],"wp:featuredmedia":[{"embeddable":true,"href":"http:\/\/santacasadepelotas.com.br\/index.php\/wp-json\/wp\/v2\/media\/1880"}],"wp:attachment":[{"href":"http:\/\/santacasadepelotas.com.br\/index.php\/wp-json\/wp\/v2\/media?parent=1879"}],"wp:term":[{"taxonomy":"category","embeddable":true,"href":"http:\/\/santacasadepelotas.com.br\/index.php\/wp-json\/wp\/v2\/categories?post=1879"},{"taxonomy":"post_tag","embeddable":true,"href":"http:\/\/santacasadepelotas.com.br\/index.php\/wp-json\/wp\/v2\/tags?post=1879"}],"curies":[{"name":"wp","href":"https:\/\/api.w.org\/{rel}","templated":true}]}}