{"id":1265,"date":"2021-06-23T13:45:55","date_gmt":"2021-06-23T16:45:55","guid":{"rendered":"http:\/\/santacasadepelotas.com.br\/?p=1265"},"modified":"2021-06-25T13:49:16","modified_gmt":"2021-06-25T16:49:16","slug":"o-centro-clinico-da-santa-casa-e-oficialmente-inaugurado","status":"publish","type":"post","link":"http:\/\/santacasadepelotas.com.br\/index.php\/2021\/06\/23\/o-centro-clinico-da-santa-casa-e-oficialmente-inaugurado\/","title":{"rendered":"O Centro Cl\u00ednico da Santa Casa \u00e9 oficialmente inaugurado"},"content":{"rendered":"<p style=\"text-align: justify;\">\n<p style=\"text-align: justify;\"><span style=\"font-family: arial, helvetica, sans-serif;\">Ap\u00f3s a cerim\u00f4nia de anivers\u00e1rio da Santa Casa, o ex-provedor Dr. Neves, acompanhado da dire\u00e7\u00e3o atual e da secret\u00e1ria de sa\u00fade municipal, oficializou a inaugura\u00e7\u00e3o do novo espa\u00e7o.<\/span><br \/>\n<span style=\"font-family: arial, helvetica, sans-serif;\">O Centro Cl\u00ednico conta com seis consult\u00f3rios, duas salas de observa\u00e7\u00e3o, uma sala de curativos, gesso, emerg\u00eancia, fisioterapia, triagem, coleta, exames cardiol\u00f3gicos e um bloco para procedimentos cir\u00fargicos.<\/span><br \/>\n<span style=\"font-family: arial, helvetica, sans-serif;\">Agradecemos o empenho e dedica\u00e7\u00e3<span class=\"text_exposed_show\">o de todos os envolvidos na constru\u00e7\u00e3o do novo Centro Cl\u00ednico, que n\u00e3o mediram esfor\u00e7os para entregar um espa\u00e7o moderno e aconchegante para os pacientes. Aproveitamos o momento para agradecer tamb\u00e9m as empresas Teu Gin, Company Drinks e Laborat\u00f3rio Mantecorp Farmasa que contribu\u00edram com produtos em um segundo evento realizado no final da tarde de ontem (22), e tamb\u00e9m aos m\u00e9dicos, colaboradores e convidados que estiveram presentes para prestigiar esse momento especial.<\/span><\/span><\/p>\n<div class=\"text_exposed_show\">\n<p style=\"text-align: justify;\"><span style=\"font-family: arial, helvetica, sans-serif;\">Foto: Adilson Cruz\/JTR<\/span><\/p>\n<\/div>\n","protected":false},"excerpt":{"rendered":"<p>Ap\u00f3s a cerim\u00f4nia de anivers\u00e1rio da Santa Casa, o ex-provedor Dr. Neves, acompanhado da dire\u00e7\u00e3o atual e da secret\u00e1ria de sa\u00fade municipal, oficializou a inaugura\u00e7\u00e3o do novo espa\u00e7o. O Centro Cl\u00ednico conta com seis consult\u00f3rios, duas salas de observa\u00e7\u00e3o, uma sala de curativos, gesso, emerg\u00eancia, fisioterapia, triagem, coleta, exames cardiol\u00f3gicos e um bloco para procedimentos [&hellip;]<\/p>\n","protected":false},"author":6,"featured_media":1266,"comment_status":"open","ping_status":"open","sticky":false,"template":"","format":"standard","meta":{"footnotes":""},"categories":[6],"tags":[],"_links":{"self":[{"href":"http:\/\/santacasadepelotas.com.br\/index.php\/wp-json\/wp\/v2\/posts\/1265"}],"collection":[{"href":"http:\/\/santacasadepelotas.com.br\/index.php\/wp-json\/wp\/v2\/posts"}],"about":[{"href":"http:\/\/santacasadepelotas.com.br\/index.php\/wp-json\/wp\/v2\/types\/post"}],"author":[{"embeddable":true,"href":"http:\/\/santacasadepelotas.com.br\/index.php\/wp-json\/wp\/v2\/users\/6"}],"replies":[{"embeddable":true,"href":"http:\/\/santacasadepelotas.com.br\/index.php\/wp-json\/wp\/v2\/comments?post=1265"}],"version-history":[{"count":1,"href":"http:\/\/santacasadepelotas.com.br\/index.php\/wp-json\/wp\/v2\/posts\/1265\/revisions"}],"predecessor-version":[{"id":1267,"href":"http:\/\/santacasadepelotas.com.br\/index.php\/wp-json\/wp\/v2\/posts\/1265\/revisions\/1267"}],"wp:featuredmedia":[{"embeddable":true,"href":"http:\/\/santacasadepelotas.com.br\/index.php\/wp-json\/wp\/v2\/media\/1266"}],"wp:attachment":[{"href":"http:\/\/santacasadepelotas.com.br\/index.php\/wp-json\/wp\/v2\/media?parent=1265"}],"wp:term":[{"taxonomy":"category","embeddable":true,"href":"http:\/\/santacasadepelotas.com.br\/index.php\/wp-json\/wp\/v2\/categories?post=1265"},{"taxonomy":"post_tag","embeddable":true,"href":"http:\/\/santacasadepelotas.com.br\/index.php\/wp-json\/wp\/v2\/tags?post=1265"}],"curies":[{"name":"wp","href":"https:\/\/api.w.org\/{rel}","templated":true}]}}