{"id":1261,"date":"2021-06-22T11:42:53","date_gmt":"2021-06-22T14:42:53","guid":{"rendered":"http:\/\/santacasadepelotas.com.br\/?p=1261"},"modified":"2021-06-25T11:53:57","modified_gmt":"2021-06-25T14:53:57","slug":"santa-casa-sela-capsula-do-tempo","status":"publish","type":"post","link":"http:\/\/santacasadepelotas.com.br\/index.php\/2021\/06\/22\/santa-casa-sela-capsula-do-tempo\/","title":{"rendered":"Santa Casa sela C\u00e1psula do Tempo"},"content":{"rendered":"<p>&nbsp;<\/p>\n<p style=\"text-align: justify;\"><span style=\"font-family: arial, helvetica, sans-serif;\">Em alus\u00e3o ao anivers\u00e1rio de 174 anos do hospital no dia 20 de junho, hoje (22) foi selada no pilar principal da institui\u00e7\u00e3o uma c\u00e1psula do tempo para ser aberta daqui a 50 anos, em mem\u00f3ria a todo o trabalho realizado pelos profissionais da sa\u00fade, dentre eles da Santa Casa, em favor das vidas das pessoas que foram acometidas pela Covid-19.<\/span><br \/>\n<span style=\"font-family: arial, helvetica, sans-serif;\">Nesta c\u00e1psula foram armazenados frascos das vacinas, m\u00e1scaras que s\u00e3o utilizadas pelo profissional, registros fotogr\u00e1ficos de momentos impo<span class=\"text_exposed_show\">rtantes desde o in\u00edcio da pandemia, Informativos da Santinha, jornais noticiando a chegada do v\u00edrus no Brasil e em Pelotas, um pen drive com v\u00eddeos do hospital, e um relato hist\u00f3rico para que os colaboradores da Santa Casa em 2071 possam entender melhor como ocorreu o in\u00edcio da pandemia at\u00e9 o momento.<\/span><\/span><\/p>\n<p><img loading=\"lazy\" decoding=\"async\" class=\"alignnone wp-image-1263 size-full\" src=\"http:\/\/santacasadepelotas.com.br\/wp-content\/uploads\/2021\/06\/IMG_6271.jpg\" alt=\"\" width=\"6000\" height=\"4000\" srcset=\"http:\/\/santacasadepelotas.com.br\/wp-content\/uploads\/2021\/06\/IMG_6271.jpg 6000w, http:\/\/santacasadepelotas.com.br\/wp-content\/uploads\/2021\/06\/IMG_6271-300x200.jpg 300w, http:\/\/santacasadepelotas.com.br\/wp-content\/uploads\/2021\/06\/IMG_6271-768x512.jpg 768w, http:\/\/santacasadepelotas.com.br\/wp-content\/uploads\/2021\/06\/IMG_6271-1024x683.jpg 1024w, http:\/\/santacasadepelotas.com.br\/wp-content\/uploads\/2021\/06\/IMG_6271-1920x1280.jpg 1920w\" sizes=\"(max-width: 6000px) 100vw, 6000px\" \/><\/p>\n<p style=\"text-align: justify;\"><span style=\"font-family: arial, helvetica, sans-serif;\"><span class=\"text_exposed_show\">O hospital \u00e9 feito por pessoas que contam e constroem a sua hist\u00f3ria. Com o trabalho que come\u00e7a com a portaria recepcionando a comunidade, a equipe de enfermagem e os m\u00e9dicos dando os devidos cuidados e o auxiliares administrativos concluindo os registros de atendimento, a Santa Casa completa 174 anos cumprindo seu objetivo e firmando o compromisso com seus pacientes.<\/span><\/span><\/p>\n","protected":false},"excerpt":{"rendered":"<p>&nbsp; Em alus\u00e3o ao anivers\u00e1rio de 174 anos do hospital no dia 20 de junho, hoje (22) foi selada no pilar principal da institui\u00e7\u00e3o uma c\u00e1psula do tempo para ser aberta daqui a 50 anos, em mem\u00f3ria a todo o trabalho realizado pelos profissionais da sa\u00fade, dentre eles da Santa Casa, em favor das vidas [&hellip;]<\/p>\n","protected":false},"author":6,"featured_media":1262,"comment_status":"open","ping_status":"open","sticky":false,"template":"","format":"standard","meta":{"footnotes":""},"categories":[6],"tags":[],"_links":{"self":[{"href":"http:\/\/santacasadepelotas.com.br\/index.php\/wp-json\/wp\/v2\/posts\/1261"}],"collection":[{"href":"http:\/\/santacasadepelotas.com.br\/index.php\/wp-json\/wp\/v2\/posts"}],"about":[{"href":"http:\/\/santacasadepelotas.com.br\/index.php\/wp-json\/wp\/v2\/types\/post"}],"author":[{"embeddable":true,"href":"http:\/\/santacasadepelotas.com.br\/index.php\/wp-json\/wp\/v2\/users\/6"}],"replies":[{"embeddable":true,"href":"http:\/\/santacasadepelotas.com.br\/index.php\/wp-json\/wp\/v2\/comments?post=1261"}],"version-history":[{"count":1,"href":"http:\/\/santacasadepelotas.com.br\/index.php\/wp-json\/wp\/v2\/posts\/1261\/revisions"}],"predecessor-version":[{"id":1264,"href":"http:\/\/santacasadepelotas.com.br\/index.php\/wp-json\/wp\/v2\/posts\/1261\/revisions\/1264"}],"wp:featuredmedia":[{"embeddable":true,"href":"http:\/\/santacasadepelotas.com.br\/index.php\/wp-json\/wp\/v2\/media\/1262"}],"wp:attachment":[{"href":"http:\/\/santacasadepelotas.com.br\/index.php\/wp-json\/wp\/v2\/media?parent=1261"}],"wp:term":[{"taxonomy":"category","embeddable":true,"href":"http:\/\/santacasadepelotas.com.br\/index.php\/wp-json\/wp\/v2\/categories?post=1261"},{"taxonomy":"post_tag","embeddable":true,"href":"http:\/\/santacasadepelotas.com.br\/index.php\/wp-json\/wp\/v2\/tags?post=1261"}],"curies":[{"name":"wp","href":"https:\/\/api.w.org\/{rel}","templated":true}]}}