{"id":1258,"date":"2021-06-20T11:36:11","date_gmt":"2021-06-20T14:36:11","guid":{"rendered":"http:\/\/santacasadepelotas.com.br\/?p=1258"},"modified":"2021-06-25T13:51:09","modified_gmt":"2021-06-25T16:51:09","slug":"ha-motivos-para-comemorar","status":"publish","type":"post","link":"http:\/\/santacasadepelotas.com.br\/index.php\/2021\/06\/20\/ha-motivos-para-comemorar\/","title":{"rendered":"H\u00e1 motivos para comemorar?"},"content":{"rendered":"<p>&nbsp;<\/p>\n<p style=\"text-align: justify;\"><span style=\"font-family: arial, helvetica, sans-serif;\">O anivers\u00e1rio de 174 anos da Santa Casa de Pelotas \u00e9 cercado por diferentes emo\u00e7\u00f5es, o que pode interferir no tamanho e intensidade das comemora\u00e7\u00f5es. Alegria, como\u00e7\u00e3o, luto, supera\u00e7\u00e3o e uma s\u00e9rie de outras sensa\u00e7\u00f5es fazem parte deste per\u00edodo t\u00e3o intenso que a humanidade vive. <\/span><br \/>\n<span style=\"font-family: arial, helvetica, sans-serif;\">O fato em quest\u00e3o \u00e9 que estamos aqui, no meio deste turbilh\u00e3o de coisas que exigem o melhor de n\u00f3s. A adapta\u00e7\u00e3o e a for\u00e7a de vontade s\u00e3o praticamente regras a serem seguidas. \u00c9 como se voc\u00ea n\u00e3o soubesse nadar e fosse jogado no rio. <\/span><br \/>\n<span style=\"font-family: arial, helvetica, sans-serif;\">O cotidiano, neste momento, dos profissionais que trabalham na \u00e1rea da sa\u00fade \u00e9 ser salva-vidas sem saber nadar. \u00c9 ver a situa\u00e7\u00e3o fugir do controle, e quando reassumem a posi\u00e7\u00e3o, celebram como se n\u00e3o houvesse amanh\u00e3. Talvez cansados e exaustos, mas com a sensa\u00e7\u00e3o de miss\u00e3o cumprida. <\/span><br \/>\n<span style=\"font-family: arial, helvetica, sans-serif;\">Comemorar pode n\u00e3o ser a palavra certa para a ocasi\u00e3o, mas admirar, vislumbrar, aplaudir e reconhecer o tanto que os profissionais da Santa Casa de Pelotas se empenham pela vida, \u00e9 uma atividade nobre.<\/span><br \/>\n<span style=\"font-family: arial, helvetica, sans-serif;\">O orgulho em ser uma Casa de Sa\u00fade hist\u00f3rica, com uma arquitetura bela e \u00fanica que ultrapassa gera\u00e7\u00f5es e se mant\u00e9m atrav\u00e9s da excel\u00eancia dos seus servi\u00e7os prestados \u00e0 Comunidade, nos faz enxergar o horizonte. Faz-nos viver o presente com intensidade para ser hist\u00f3ria daqui 50, 100, 200 anos.<\/span><br \/>\n<span style=\"font-family: arial, helvetica, sans-serif;\">N\u00e3o h\u00e1 como citar a data de anivers\u00e1rio desta Institui\u00e7\u00e3o sem falar de estrutura e de pessoas, do concreto e da alma, \u00e9 assim que somos feitos. S\u00f3 haver\u00e1 motivos para comemorar quando as pessoas fizerem isso junto conosco, enquanto isso valorizamos nossas conquistas da forma como podemos e devemos, mas sempre com muito orgulho. <\/span><br \/>\n<span style=\"font-family: arial, helvetica, sans-serif;\">Que este anivers\u00e1rio possa servir como li\u00e7\u00e3o para valorizarmos o passado, vivermos o presente e estimarmos o futuro.<\/span><\/p>\n<p>&nbsp;<\/p>\n<p style=\"text-align: center;\"><span style=\"font-family: arial, helvetica, sans-serif;\"><strong>Vida longa \u00e0 Santa Casa de Pelotas!<\/strong><\/span><\/p>\n","protected":false},"excerpt":{"rendered":"<p>&nbsp; O anivers\u00e1rio de 174 anos da Santa Casa de Pelotas \u00e9 cercado por diferentes emo\u00e7\u00f5es, o que pode interferir no tamanho e intensidade das comemora\u00e7\u00f5es. Alegria, como\u00e7\u00e3o, luto, supera\u00e7\u00e3o e uma s\u00e9rie de outras sensa\u00e7\u00f5es fazem parte deste per\u00edodo t\u00e3o intenso que a humanidade vive. O fato em quest\u00e3o \u00e9 que estamos aqui, no [&hellip;]<\/p>\n","protected":false},"author":6,"featured_media":1259,"comment_status":"open","ping_status":"open","sticky":false,"template":"","format":"standard","meta":{"footnotes":""},"categories":[6],"tags":[],"_links":{"self":[{"href":"http:\/\/santacasadepelotas.com.br\/index.php\/wp-json\/wp\/v2\/posts\/1258"}],"collection":[{"href":"http:\/\/santacasadepelotas.com.br\/index.php\/wp-json\/wp\/v2\/posts"}],"about":[{"href":"http:\/\/santacasadepelotas.com.br\/index.php\/wp-json\/wp\/v2\/types\/post"}],"author":[{"embeddable":true,"href":"http:\/\/santacasadepelotas.com.br\/index.php\/wp-json\/wp\/v2\/users\/6"}],"replies":[{"embeddable":true,"href":"http:\/\/santacasadepelotas.com.br\/index.php\/wp-json\/wp\/v2\/comments?post=1258"}],"version-history":[{"count":1,"href":"http:\/\/santacasadepelotas.com.br\/index.php\/wp-json\/wp\/v2\/posts\/1258\/revisions"}],"predecessor-version":[{"id":1260,"href":"http:\/\/santacasadepelotas.com.br\/index.php\/wp-json\/wp\/v2\/posts\/1258\/revisions\/1260"}],"wp:featuredmedia":[{"embeddable":true,"href":"http:\/\/santacasadepelotas.com.br\/index.php\/wp-json\/wp\/v2\/media\/1259"}],"wp:attachment":[{"href":"http:\/\/santacasadepelotas.com.br\/index.php\/wp-json\/wp\/v2\/media?parent=1258"}],"wp:term":[{"taxonomy":"category","embeddable":true,"href":"http:\/\/santacasadepelotas.com.br\/index.php\/wp-json\/wp\/v2\/categories?post=1258"},{"taxonomy":"post_tag","embeddable":true,"href":"http:\/\/santacasadepelotas.com.br\/index.php\/wp-json\/wp\/v2\/tags?post=1258"}],"curies":[{"name":"wp","href":"https:\/\/api.w.org\/{rel}","templated":true}]}}