{"id":1235,"date":"2021-03-18T17:27:10","date_gmt":"2021-03-18T20:27:10","guid":{"rendered":"http:\/\/santacasadepelotas.com.br\/?p=1235"},"modified":"2021-03-18T17:27:10","modified_gmt":"2021-03-18T20:27:10","slug":"equipamento-para-monitoramento-de-sedacao-e-adquirido-para-a-uti-covid","status":"publish","type":"post","link":"http:\/\/santacasadepelotas.com.br\/index.php\/2021\/03\/18\/equipamento-para-monitoramento-de-sedacao-e-adquirido-para-a-uti-covid\/","title":{"rendered":"Equipamento para monitoramento de seda\u00e7\u00e3o \u00e9 adquirido para a UTI Covid"},"content":{"rendered":"<p style=\"text-align: justify;\">\n<p style=\"text-align: justify;\"><span style=\"font-family: arial, helvetica, sans-serif;\">Pacientes que est\u00e3o com sua sa\u00fade muito fragilizada e acabam por ser intubados, precisam ser sedados para que n\u00e3o haja desconforto durante seu tratamento. Para continuar oferecendo um cuidado de alta qualidade ao paciente, a UTI Covid da Santa Casa est\u00e1 usando um equipamento que destina-se ao monitoramento da atividade cerebral durante a seda\u00e7\u00e3o, o que permite que a equipe assistencial possa saber exatamente o n\u00edvel de seda\u00e7\u00e3o que o paciente necessita no momento.<\/span><br \/>\n<span style=\"font-family: arial, helvetica, sans-serif;\">Chamado de BIS (\u00edndice Bispectral), este equipamento possui um eletrodo que \u00e9 colocado na testa do paciente at\u00e9 a regi\u00e3o temporal, assim ele consegue medir o n\u00edvel de consci\u00eancia e indicar no monitor se o paciente necessita de mais sedativo, ou se a dose pode ser reduzida com seguran\u00e7a.<\/span><\/p>\n<p style=\"text-align: center;\"><img loading=\"lazy\" decoding=\"async\" class=\"wp-image-1237 size-full aligncenter\" src=\"http:\/\/santacasadepelotas.com.br\/wp-content\/uploads\/2021\/03\/BIS-copy-1.jpg\" alt=\"\" width=\"640\" height=\"479\" srcset=\"http:\/\/santacasadepelotas.com.br\/wp-content\/uploads\/2021\/03\/BIS-copy-1.jpg 640w, http:\/\/santacasadepelotas.com.br\/wp-content\/uploads\/2021\/03\/BIS-copy-1-300x225.jpg 300w\" sizes=\"(max-width: 640px) 100vw, 640px\" \/><span style=\"font-size: 8pt; font-family: arial, helvetica, sans-serif;\">Imagem: Medtronic<\/span><\/p>\n<p>&nbsp;<\/p>\n<p style=\"text-align: left;\"><span style=\"font-family: arial, helvetica, sans-serif;\"><br \/>\nO M\u00e9dico Intensivista e respons\u00e1vel pela UTI, Rafael Oliv\u00e9 Leite, conta que este equipamento qualifica o cuidado do paciente, bem como permite a otimiza\u00e7\u00e3o do uso de sedativos, t\u00e3o importante no cen\u00e1rio atual de pandemia.<\/span><br \/>\n<span style=\"font-family: arial, helvetica, sans-serif;\">O uso do BIS \u00e9 comum em centro cir\u00fargicos, assim como o da Santa Casa, por\u00e9m ainda \u00e9 pouco difundido nas UTIs do pa\u00eds. Esta aquisi\u00e7\u00e3o \u00e9 de extrema import\u00e2ncia para o hospital oferecer um tratamento de qualidade diferenciada aos seus pacientes, principalmente neste momento em que os casos de Covid-19 est\u00e3o em alta no Rio Grande do Sul.<\/span><\/p>\n","protected":false},"excerpt":{"rendered":"<p>Pacientes que est\u00e3o com sua sa\u00fade muito fragilizada e acabam por ser intubados, precisam ser sedados para que n\u00e3o haja desconforto durante seu tratamento. Para continuar oferecendo um cuidado de alta qualidade ao paciente, a UTI Covid da Santa Casa est\u00e1 usando um equipamento que destina-se ao monitoramento da atividade cerebral durante a seda\u00e7\u00e3o, o [&hellip;]<\/p>\n","protected":false},"author":6,"featured_media":1239,"comment_status":"open","ping_status":"open","sticky":false,"template":"","format":"standard","meta":{"footnotes":""},"categories":[6],"tags":[],"_links":{"self":[{"href":"http:\/\/santacasadepelotas.com.br\/index.php\/wp-json\/wp\/v2\/posts\/1235"}],"collection":[{"href":"http:\/\/santacasadepelotas.com.br\/index.php\/wp-json\/wp\/v2\/posts"}],"about":[{"href":"http:\/\/santacasadepelotas.com.br\/index.php\/wp-json\/wp\/v2\/types\/post"}],"author":[{"embeddable":true,"href":"http:\/\/santacasadepelotas.com.br\/index.php\/wp-json\/wp\/v2\/users\/6"}],"replies":[{"embeddable":true,"href":"http:\/\/santacasadepelotas.com.br\/index.php\/wp-json\/wp\/v2\/comments?post=1235"}],"version-history":[{"count":1,"href":"http:\/\/santacasadepelotas.com.br\/index.php\/wp-json\/wp\/v2\/posts\/1235\/revisions"}],"predecessor-version":[{"id":1238,"href":"http:\/\/santacasadepelotas.com.br\/index.php\/wp-json\/wp\/v2\/posts\/1235\/revisions\/1238"}],"wp:featuredmedia":[{"embeddable":true,"href":"http:\/\/santacasadepelotas.com.br\/index.php\/wp-json\/wp\/v2\/media\/1239"}],"wp:attachment":[{"href":"http:\/\/santacasadepelotas.com.br\/index.php\/wp-json\/wp\/v2\/media?parent=1235"}],"wp:term":[{"taxonomy":"category","embeddable":true,"href":"http:\/\/santacasadepelotas.com.br\/index.php\/wp-json\/wp\/v2\/categories?post=1235"},{"taxonomy":"post_tag","embeddable":true,"href":"http:\/\/santacasadepelotas.com.br\/index.php\/wp-json\/wp\/v2\/tags?post=1235"}],"curies":[{"name":"wp","href":"https:\/\/api.w.org\/{rel}","templated":true}]}}