{"id":1229,"date":"2021-03-12T16:21:24","date_gmt":"2021-03-12T19:21:24","guid":{"rendered":"http:\/\/santacasadepelotas.com.br\/?p=1229"},"modified":"2021-03-12T16:21:24","modified_gmt":"2021-03-12T19:21:24","slug":"pacientes-da-uti-covid-recebem-chamadas-de-video","status":"publish","type":"post","link":"http:\/\/santacasadepelotas.com.br\/index.php\/2021\/03\/12\/pacientes-da-uti-covid-recebem-chamadas-de-video\/","title":{"rendered":"Pacientes da UTI Covid recebem chamadas de v\u00eddeo"},"content":{"rendered":"<p style=\"text-align: justify;\">\n<p style=\"text-align: justify;\"><span style=\"font-family: arial, helvetica, sans-serif;\">Aprimorando ainda mais seu m\u00e9todo de comunica\u00e7\u00e3o entre os familiares e pacientes internados na UTI Covid, a Santa Casa agora possui uma Psic\u00f3loga e uma Assistente Social que diariamente cuidam deste momento que pode diminuir a ang\u00fastia das pessoas que est\u00e3o esperando por not\u00edcias de seu ente querido.<\/span><\/p>\n<p style=\"text-align: justify;\"><span style=\"font-family: arial, helvetica, sans-serif;\">A Psic\u00f3loga Cristiane Beirsdorf e a Assistente Social Anice Schleger, atrav\u00e9s de um Tablet e com o apoio da rede da Osirnet, realizam liga\u00e7\u00f5es por v\u00eddeo entre os pacientes e familiares para que eles possam estar perto uns dos outros, mesmo estando em lugares diferentes, o que acaba trazendo tranquilidade e otimismo para ambos. Al\u00e9m de a equipe dar todo o suporte emocional, ela entra em contato com as fam\u00edlias em dois turnos para passar uma atualiza\u00e7\u00e3o sobre o estado de sa\u00fade do paciente.<\/span><\/p>\n<p style=\"text-align: justify;\"><span style=\"font-family: arial, helvetica, sans-serif;\">Com a devida autoriza\u00e7\u00e3o do registro de sua imagem e divulga\u00e7\u00e3o em um momento t\u00e3o delicado, a paciente Viviane Retzlaff comentou que poder conversar com seu marido e sua filha foi o melhor momento do dia. Em uma rotina de UTI, os pacientes s\u00e3o privados de contato externo via aparelhos tecnol\u00f3gicos para preservar sua sa\u00fade.<\/span><\/p>\n<p><img loading=\"lazy\" decoding=\"async\" class=\"alignnone wp-image-1230 size-full\" src=\"http:\/\/santacasadepelotas.com.br\/wp-content\/uploads\/2021\/03\/IMG_3262.jpg\" alt=\"\" width=\"6000\" height=\"4000\" srcset=\"http:\/\/santacasadepelotas.com.br\/wp-content\/uploads\/2021\/03\/IMG_3262.jpg 6000w, http:\/\/santacasadepelotas.com.br\/wp-content\/uploads\/2021\/03\/IMG_3262-300x200.jpg 300w, http:\/\/santacasadepelotas.com.br\/wp-content\/uploads\/2021\/03\/IMG_3262-768x512.jpg 768w, http:\/\/santacasadepelotas.com.br\/wp-content\/uploads\/2021\/03\/IMG_3262-1024x683.jpg 1024w, http:\/\/santacasadepelotas.com.br\/wp-content\/uploads\/2021\/03\/IMG_3262-1920x1280.jpg 1920w\" sizes=\"(max-width: 6000px) 100vw, 6000px\" \/><\/p>\n<p style=\"text-align: justify;\"><span style=\"font-family: arial, helvetica, sans-serif;\">A Psic\u00f3loga Cristiane conta que a equipe j\u00e1 percebeu diferen\u00e7a na ansiedade dos pacientes que est\u00e3o tendo esse contato. Este simples ato os deixou mais tranquilos, pois sabem que diariamente poder\u00e3o ver seus familiares. Para o outro lado n\u00e3o foi diferente, com essas atualiza\u00e7\u00f5es em dois turnos sobre o paciente, os seus familiares tamb\u00e9m ficam menos preocupados, pois sabem exatamente o que est\u00e1 acontecendo dia ap\u00f3s dia.<\/span><\/p>\n<p style=\"text-align: justify;\"><span style=\"font-family: arial, helvetica, sans-serif;\">A Santa Casa preza pela humaniza\u00e7\u00e3o em suas instala\u00e7\u00f5es e estar\u00e1 sempre se atualizando para oferecer o melhor atendimento aos pacientes e suas fam\u00edlias.\u00a0<\/span><\/p>\n<p style=\"text-align: justify;\">\n<p style=\"text-align: justify;\"><em><span style=\"font-family: arial, helvetica, sans-serif;\">No dia 12 de mar\u00e7o, data da publica\u00e7\u00e3o desta mat\u00e9ria, Viviane recebeu alta da UTI Covid e foi transferida para a enfermaria Covid. Agora ela est\u00e1 pr\u00f3xima de poder reencontrar sua fam\u00edlia.<\/span><\/em><\/p>\n","protected":false},"excerpt":{"rendered":"<p>Aprimorando ainda mais seu m\u00e9todo de comunica\u00e7\u00e3o entre os familiares e pacientes internados na UTI Covid, a Santa Casa agora possui uma Psic\u00f3loga e uma Assistente Social que diariamente cuidam deste momento que pode diminuir a ang\u00fastia das pessoas que est\u00e3o esperando por not\u00edcias de seu ente querido. A Psic\u00f3loga Cristiane Beirsdorf e a Assistente [&hellip;]<\/p>\n","protected":false},"author":6,"featured_media":1231,"comment_status":"open","ping_status":"open","sticky":false,"template":"","format":"standard","meta":{"footnotes":""},"categories":[6],"tags":[],"_links":{"self":[{"href":"http:\/\/santacasadepelotas.com.br\/index.php\/wp-json\/wp\/v2\/posts\/1229"}],"collection":[{"href":"http:\/\/santacasadepelotas.com.br\/index.php\/wp-json\/wp\/v2\/posts"}],"about":[{"href":"http:\/\/santacasadepelotas.com.br\/index.php\/wp-json\/wp\/v2\/types\/post"}],"author":[{"embeddable":true,"href":"http:\/\/santacasadepelotas.com.br\/index.php\/wp-json\/wp\/v2\/users\/6"}],"replies":[{"embeddable":true,"href":"http:\/\/santacasadepelotas.com.br\/index.php\/wp-json\/wp\/v2\/comments?post=1229"}],"version-history":[{"count":1,"href":"http:\/\/santacasadepelotas.com.br\/index.php\/wp-json\/wp\/v2\/posts\/1229\/revisions"}],"predecessor-version":[{"id":1232,"href":"http:\/\/santacasadepelotas.com.br\/index.php\/wp-json\/wp\/v2\/posts\/1229\/revisions\/1232"}],"wp:featuredmedia":[{"embeddable":true,"href":"http:\/\/santacasadepelotas.com.br\/index.php\/wp-json\/wp\/v2\/media\/1231"}],"wp:attachment":[{"href":"http:\/\/santacasadepelotas.com.br\/index.php\/wp-json\/wp\/v2\/media?parent=1229"}],"wp:term":[{"taxonomy":"category","embeddable":true,"href":"http:\/\/santacasadepelotas.com.br\/index.php\/wp-json\/wp\/v2\/categories?post=1229"},{"taxonomy":"post_tag","embeddable":true,"href":"http:\/\/santacasadepelotas.com.br\/index.php\/wp-json\/wp\/v2\/tags?post=1229"}],"curies":[{"name":"wp","href":"https:\/\/api.w.org\/{rel}","templated":true}]}}