{"id":1216,"date":"2021-02-05T17:29:26","date_gmt":"2021-02-05T20:29:26","guid":{"rendered":"http:\/\/santacasadepelotas.com.br\/?p=1216"},"modified":"2021-02-05T17:29:26","modified_gmt":"2021-02-05T20:29:26","slug":"santa-casa-realiza-visita-ao-ministerio-da-saude","status":"publish","type":"post","link":"http:\/\/santacasadepelotas.com.br\/index.php\/2021\/02\/05\/santa-casa-realiza-visita-ao-ministerio-da-saude\/","title":{"rendered":"Santa Casa realiza visita ao Minist\u00e9rio da Sa\u00fade"},"content":{"rendered":"<p>&nbsp;<\/p>\n<p style=\"text-align: justify;\"><span style=\"font-weight: 400; font-family: arial, helvetica, sans-serif;\">A Santa Casa, representada pelo seu Diretor Administrativo e Financeiro, Adm. R\u00e9gis Silva, esteve em audi\u00eancia essa semana em Bras\u00edlia no Minist\u00e9rio da Sa\u00fade para resolver um assunto importante de impacto financeiro que estava pendente naquele minist\u00e9rio.<\/span><\/p>\n<p style=\"text-align: justify;\"><span style=\"font-weight: 400; font-family: arial, helvetica, sans-serif;\">Contando com a presen\u00e7a do Chefe de Gabinete do Ministro, Paulo C\u00e9sar Ferreira J\u00fanior, o Diretor do Departamento de Economia da Sa\u00fade, Investimentos e Desenvolvimento, Pedro Geraldo Pinheiro dos Santos, e o Deputado Federal Daniel Trzeciak, prontamente o processo foi conclu\u00eddo pelo \u00f3rg\u00e3o do Minist\u00e9rio da Sa\u00fade e encaminhado \u00e0 Caixa Econ\u00f4mica Federal (CEF) para dar andamento na renova\u00e7\u00e3o da opera\u00e7\u00e3o de cr\u00e9dito. Essa nova opera\u00e7\u00e3o com o banco baixar\u00e1 os juros atuais do contrato de 1,73% ao m\u00eas para 0,87% ao m\u00eas, proporcionando uma redu\u00e7\u00e3o na parcela mensal de mais de R$200 mil.<\/span><\/p>\n<p style=\"text-align: justify;\"><span style=\"font-weight: 400; font-family: arial, helvetica, sans-serif;\">O diretor do hospital comenta que como o Minist\u00e9rio \u00e9 o comando central de opera\u00e7\u00f5es do pa\u00eds, essa visita se torna muito importante para manter a Santa Casa atualizada. R\u00e9gis ainda salienta a import\u00e2ncia da negocia\u00e7\u00e3o com a CEF, que poder\u00e1 reverter em mais de R$ 2 milh\u00f5es de reais ao ano para ajudar a manter os pagamentos e o abastecimento do hospital em dia.<\/span><\/p>\n<p style=\"text-align: justify;\"><span style=\"font-weight: 400; font-family: arial, helvetica, sans-serif;\">A Santa Casa agradece ao Chefe de Gabinete e ao Diretor do Departamento de Economia da Sa\u00fade, Investimentos e Desenvolvimento pela receptividade e apoio nesta pauta. Estendemos o agradecimento tamb\u00e9m ao Deputado Federal Daniel Trzeciak, que organizou este encontro com o intuito de ajudar mais uma vez o hospital para continuar prestando um servi\u00e7o de qualidade \u00e0 Pelotas e regi\u00e3o.<\/span><\/p>\n","protected":false},"excerpt":{"rendered":"<p>&nbsp; A Santa Casa, representada pelo seu Diretor Administrativo e Financeiro, Adm. R\u00e9gis Silva, esteve em audi\u00eancia essa semana em Bras\u00edlia no Minist\u00e9rio da Sa\u00fade para resolver um assunto importante de impacto financeiro que estava pendente naquele minist\u00e9rio. Contando com a presen\u00e7a do Chefe de Gabinete do Ministro, Paulo C\u00e9sar Ferreira J\u00fanior, o Diretor do [&hellip;]<\/p>\n","protected":false},"author":6,"featured_media":1217,"comment_status":"open","ping_status":"open","sticky":false,"template":"","format":"standard","meta":{"footnotes":""},"categories":[6],"tags":[],"_links":{"self":[{"href":"http:\/\/santacasadepelotas.com.br\/index.php\/wp-json\/wp\/v2\/posts\/1216"}],"collection":[{"href":"http:\/\/santacasadepelotas.com.br\/index.php\/wp-json\/wp\/v2\/posts"}],"about":[{"href":"http:\/\/santacasadepelotas.com.br\/index.php\/wp-json\/wp\/v2\/types\/post"}],"author":[{"embeddable":true,"href":"http:\/\/santacasadepelotas.com.br\/index.php\/wp-json\/wp\/v2\/users\/6"}],"replies":[{"embeddable":true,"href":"http:\/\/santacasadepelotas.com.br\/index.php\/wp-json\/wp\/v2\/comments?post=1216"}],"version-history":[{"count":1,"href":"http:\/\/santacasadepelotas.com.br\/index.php\/wp-json\/wp\/v2\/posts\/1216\/revisions"}],"predecessor-version":[{"id":1218,"href":"http:\/\/santacasadepelotas.com.br\/index.php\/wp-json\/wp\/v2\/posts\/1216\/revisions\/1218"}],"wp:featuredmedia":[{"embeddable":true,"href":"http:\/\/santacasadepelotas.com.br\/index.php\/wp-json\/wp\/v2\/media\/1217"}],"wp:attachment":[{"href":"http:\/\/santacasadepelotas.com.br\/index.php\/wp-json\/wp\/v2\/media?parent=1216"}],"wp:term":[{"taxonomy":"category","embeddable":true,"href":"http:\/\/santacasadepelotas.com.br\/index.php\/wp-json\/wp\/v2\/categories?post=1216"},{"taxonomy":"post_tag","embeddable":true,"href":"http:\/\/santacasadepelotas.com.br\/index.php\/wp-json\/wp\/v2\/tags?post=1216"}],"curies":[{"name":"wp","href":"https:\/\/api.w.org\/{rel}","templated":true}]}}