{"id":1167,"date":"2020-12-17T16:58:28","date_gmt":"2020-12-17T19:58:28","guid":{"rendered":"http:\/\/santacasadepelotas.com.br\/?p=1167"},"modified":"2020-12-17T16:58:28","modified_gmt":"2020-12-17T19:58:28","slug":"santa-casa-realiza-abertura-de-dez-leitos-de-uti-covid","status":"publish","type":"post","link":"http:\/\/santacasadepelotas.com.br\/index.php\/2020\/12\/17\/santa-casa-realiza-abertura-de-dez-leitos-de-uti-covid\/","title":{"rendered":"Santa Casa realiza abertura de dez leitos de UTI Covid"},"content":{"rendered":"<p>&nbsp;<\/p>\n<p style=\"text-align: justify;\"><span style=\"font-weight: 400; font-family: arial, helvetica, sans-serif;\">Em decorr\u00eancia da crise de sa\u00fade em que Pelotas se encontra, tendo Alas para pacientes infectados pela Covid-19 nos hospitais da cidade praticamente lotadas, a Santa Casa, em parceria com a Prefeitura Municipal de Pelotas, abriu dez leitos de UTI para receber exclusivamente pacientes com Covid-19. Al\u00e9m desses leitos de UTI, outros oito leitos cl\u00ednicos tamb\u00e9m foram abertos para receber os pacientes com um quadro de sa\u00fade mais est\u00e1vel.\u00a0<\/span><\/p>\n<p style=\"text-align: justify;\"><span style=\"font-weight: 400; font-family: arial, helvetica, sans-serif;\">O hospital realizou todas as melhorias estruturais necess\u00e1rias para poder instalar uma UTI na Ala S\u00e3o Francisco e cumpriu todos os requisitos de seguran\u00e7a, o que minimiza qualquer risco de contamina\u00e7\u00e3o dentro da Institui\u00e7\u00e3o. A UTI conta com 44 profissionais, divididos entre m\u00e9dicos, enfermeiros, t\u00e9cnicos de enfermagem, fisioterapeutas e higieniza\u00e7\u00e3o.<\/span><\/p>\n<p style=\"text-align: center;\"><img loading=\"lazy\" decoding=\"async\" class=\"wp-image-1168 size-full aligncenter\" src=\"http:\/\/santacasadepelotas.com.br\/wp-content\/uploads\/2020\/12\/IMG_2314.jpg\" alt=\"\" width=\"6000\" height=\"4000\" srcset=\"http:\/\/santacasadepelotas.com.br\/wp-content\/uploads\/2020\/12\/IMG_2314.jpg 6000w, http:\/\/santacasadepelotas.com.br\/wp-content\/uploads\/2020\/12\/IMG_2314-300x200.jpg 300w, http:\/\/santacasadepelotas.com.br\/wp-content\/uploads\/2020\/12\/IMG_2314-768x512.jpg 768w, http:\/\/santacasadepelotas.com.br\/wp-content\/uploads\/2020\/12\/IMG_2314-1024x683.jpg 1024w, http:\/\/santacasadepelotas.com.br\/wp-content\/uploads\/2020\/12\/IMG_2314-1920x1280.jpg 1920w\" sizes=\"(max-width: 6000px) 100vw, 6000px\" \/><span style=\"font-size: 10pt;\">Os leitos foram montados com equipamentos cedidos pela<\/span><br \/>\n<span style=\"font-size: 10pt;\">Prefeitura Municipal de Pelotas<\/span><\/p>\n<p style=\"text-align: justify;\"><span style=\"font-weight: 400; font-family: arial, helvetica, sans-serif;\">O Provedor do Hospital, Dr. Jo\u00e3o Francisco Neves da Silva, comenta que a Santa Casa \u00e9 um hospital dedicado e fundado pela comunidade, portanto n\u00e3o poderia fazer diferente, ent\u00e3o ap\u00f3s tratativas com a Prefeitura foi poss\u00edvel realizar a montagem deste setor. O Provedor ainda acrescenta que os profissionais do hospital foram fundamentais para ocorrer a abertura, dos quais se colocaram \u00e0 disposi\u00e7\u00e3o para mais esse desafio.<\/span><\/p>\n<p style=\"text-align: center;\"><img loading=\"lazy\" decoding=\"async\" class=\"wp-image-1170 size-full aligncenter\" src=\"http:\/\/santacasadepelotas.com.br\/wp-content\/uploads\/2020\/12\/IMG_2340.jpg\" alt=\"\" width=\"6000\" height=\"4000\" srcset=\"http:\/\/santacasadepelotas.com.br\/wp-content\/uploads\/2020\/12\/IMG_2340.jpg 6000w, http:\/\/santacasadepelotas.com.br\/wp-content\/uploads\/2020\/12\/IMG_2340-300x200.jpg 300w, http:\/\/santacasadepelotas.com.br\/wp-content\/uploads\/2020\/12\/IMG_2340-768x512.jpg 768w, http:\/\/santacasadepelotas.com.br\/wp-content\/uploads\/2020\/12\/IMG_2340-1024x683.jpg 1024w, http:\/\/santacasadepelotas.com.br\/wp-content\/uploads\/2020\/12\/IMG_2340-1920x1280.jpg 1920w\" sizes=\"(max-width: 6000px) 100vw, 6000px\" \/><span style=\"font-family: arial, helvetica, sans-serif; font-size: 10pt;\">A entrada dos pacientes ser\u00e1 realizada pela portaria da Rua Santos Dumont<\/span><\/p>\n<p style=\"text-align: justify;\"><span style=\"font-weight: 400; font-family: arial, helvetica, sans-serif;\">A Santa Casa preza seu compromisso com a comunidade de Pelotas e regi\u00e3o e estar\u00e1 ao lado da Prefeitura para que juntas possam vencer essa batalha contra a Covid-19.\u00a0<\/span><\/p>\n","protected":false},"excerpt":{"rendered":"<p>&nbsp; Em decorr\u00eancia da crise de sa\u00fade em que Pelotas se encontra, tendo Alas para pacientes infectados pela Covid-19 nos hospitais da cidade praticamente lotadas, a Santa Casa, em parceria com a Prefeitura Municipal de Pelotas, abriu dez leitos de UTI para receber exclusivamente pacientes com Covid-19. Al\u00e9m desses leitos de UTI, outros oito leitos [&hellip;]<\/p>\n","protected":false},"author":6,"featured_media":1169,"comment_status":"open","ping_status":"open","sticky":false,"template":"","format":"standard","meta":{"footnotes":""},"categories":[6],"tags":[],"_links":{"self":[{"href":"http:\/\/santacasadepelotas.com.br\/index.php\/wp-json\/wp\/v2\/posts\/1167"}],"collection":[{"href":"http:\/\/santacasadepelotas.com.br\/index.php\/wp-json\/wp\/v2\/posts"}],"about":[{"href":"http:\/\/santacasadepelotas.com.br\/index.php\/wp-json\/wp\/v2\/types\/post"}],"author":[{"embeddable":true,"href":"http:\/\/santacasadepelotas.com.br\/index.php\/wp-json\/wp\/v2\/users\/6"}],"replies":[{"embeddable":true,"href":"http:\/\/santacasadepelotas.com.br\/index.php\/wp-json\/wp\/v2\/comments?post=1167"}],"version-history":[{"count":5,"href":"http:\/\/santacasadepelotas.com.br\/index.php\/wp-json\/wp\/v2\/posts\/1167\/revisions"}],"predecessor-version":[{"id":1175,"href":"http:\/\/santacasadepelotas.com.br\/index.php\/wp-json\/wp\/v2\/posts\/1167\/revisions\/1175"}],"wp:featuredmedia":[{"embeddable":true,"href":"http:\/\/santacasadepelotas.com.br\/index.php\/wp-json\/wp\/v2\/media\/1169"}],"wp:attachment":[{"href":"http:\/\/santacasadepelotas.com.br\/index.php\/wp-json\/wp\/v2\/media?parent=1167"}],"wp:term":[{"taxonomy":"category","embeddable":true,"href":"http:\/\/santacasadepelotas.com.br\/index.php\/wp-json\/wp\/v2\/categories?post=1167"},{"taxonomy":"post_tag","embeddable":true,"href":"http:\/\/santacasadepelotas.com.br\/index.php\/wp-json\/wp\/v2\/tags?post=1167"}],"curies":[{"name":"wp","href":"https:\/\/api.w.org\/{rel}","templated":true}]}}