{"id":1154,"date":"2020-12-08T10:53:07","date_gmt":"2020-12-08T13:53:07","guid":{"rendered":"http:\/\/santacasadepelotas.com.br\/?p=1154"},"modified":"2020-12-08T14:21:16","modified_gmt":"2020-12-08T17:21:16","slug":"imagem-de-nossa-senhora-de-lourdes-volta-renovada-ao-seu-local-de-origem","status":"publish","type":"post","link":"http:\/\/santacasadepelotas.com.br\/index.php\/2020\/12\/08\/imagem-de-nossa-senhora-de-lourdes-volta-renovada-ao-seu-local-de-origem\/","title":{"rendered":"Imagem de Nossa Senhora de Lourdes volta renovada ao seu local de origem"},"content":{"rendered":"<p>&nbsp;<\/p>\n<p style=\"text-align: justify;\"><span style=\"font-family: arial, helvetica, sans-serif;\">A imagem da Nossa Senhora de Lourdes, protetora dos doentes e dos profissionais da sa\u00fade, retornou restaurada, no dia 7 de dezembro, para a Gruta do Jardim da Santa Casa de Pelotas.<\/span><\/p>\n<p><img loading=\"lazy\" decoding=\"async\" class=\"alignnone wp-image-1157 size-full\" src=\"http:\/\/santacasadepelotas.com.br\/wp-content\/uploads\/2020\/12\/IMG_2181.jpg\" alt=\"\" width=\"6000\" height=\"4000\" srcset=\"http:\/\/santacasadepelotas.com.br\/wp-content\/uploads\/2020\/12\/IMG_2181.jpg 6000w, http:\/\/santacasadepelotas.com.br\/wp-content\/uploads\/2020\/12\/IMG_2181-300x200.jpg 300w, http:\/\/santacasadepelotas.com.br\/wp-content\/uploads\/2020\/12\/IMG_2181-768x512.jpg 768w, http:\/\/santacasadepelotas.com.br\/wp-content\/uploads\/2020\/12\/IMG_2181-1024x683.jpg 1024w, http:\/\/santacasadepelotas.com.br\/wp-content\/uploads\/2020\/12\/IMG_2181-1920x1280.jpg 1920w\" sizes=\"(max-width: 6000px) 100vw, 6000px\" \/><\/p>\n<p style=\"text-align: justify;\"><span style=\"font-family: arial, helvetica, sans-serif;\">O trabalho de restauro foi realizado sob a coordena\u00e7\u00e3o da Curadoria do Memorial, com as colabora\u00e7\u00f5es do Grupo de Apoio, da Conservadora Restauradora Sandra Oliveira e inicialmente da Artista Pl\u00e1stica M\u00e1rcia de Pauli, as quais a Santa Casa presta o seu reconhecimento, almejando a todos a busca de prote\u00e7\u00e3o, conforto e que a melhora na sua sa\u00fade e de seus familiares sejam estendidas as b\u00ean\u00e7\u00e3os!<\/span><\/p>\n<p>&nbsp;<\/p>\n<p><span style=\"font-family: arial, helvetica, sans-serif;\">Grupo de Apoio \u00e0 Santa Casa de Pelotas.<\/span><\/p>\n","protected":false},"excerpt":{"rendered":"<p>&nbsp; A imagem da Nossa Senhora de Lourdes, protetora dos doentes e dos profissionais da sa\u00fade, retornou restaurada, no dia 7 de dezembro, para a Gruta do Jardim da Santa Casa de Pelotas. O trabalho de restauro foi realizado sob a coordena\u00e7\u00e3o da Curadoria do Memorial, com as colabora\u00e7\u00f5es do Grupo de Apoio, da Conservadora [&hellip;]<\/p>\n","protected":false},"author":6,"featured_media":1155,"comment_status":"open","ping_status":"open","sticky":false,"template":"","format":"standard","meta":{"footnotes":""},"categories":[6],"tags":[],"_links":{"self":[{"href":"http:\/\/santacasadepelotas.com.br\/index.php\/wp-json\/wp\/v2\/posts\/1154"}],"collection":[{"href":"http:\/\/santacasadepelotas.com.br\/index.php\/wp-json\/wp\/v2\/posts"}],"about":[{"href":"http:\/\/santacasadepelotas.com.br\/index.php\/wp-json\/wp\/v2\/types\/post"}],"author":[{"embeddable":true,"href":"http:\/\/santacasadepelotas.com.br\/index.php\/wp-json\/wp\/v2\/users\/6"}],"replies":[{"embeddable":true,"href":"http:\/\/santacasadepelotas.com.br\/index.php\/wp-json\/wp\/v2\/comments?post=1154"}],"version-history":[{"count":5,"href":"http:\/\/santacasadepelotas.com.br\/index.php\/wp-json\/wp\/v2\/posts\/1154\/revisions"}],"predecessor-version":[{"id":1162,"href":"http:\/\/santacasadepelotas.com.br\/index.php\/wp-json\/wp\/v2\/posts\/1154\/revisions\/1162"}],"wp:featuredmedia":[{"embeddable":true,"href":"http:\/\/santacasadepelotas.com.br\/index.php\/wp-json\/wp\/v2\/media\/1155"}],"wp:attachment":[{"href":"http:\/\/santacasadepelotas.com.br\/index.php\/wp-json\/wp\/v2\/media?parent=1154"}],"wp:term":[{"taxonomy":"category","embeddable":true,"href":"http:\/\/santacasadepelotas.com.br\/index.php\/wp-json\/wp\/v2\/categories?post=1154"},{"taxonomy":"post_tag","embeddable":true,"href":"http:\/\/santacasadepelotas.com.br\/index.php\/wp-json\/wp\/v2\/tags?post=1154"}],"curies":[{"name":"wp","href":"https:\/\/api.w.org\/{rel}","templated":true}]}}