{"id":1079,"date":"2020-11-16T17:24:06","date_gmt":"2020-11-16T20:24:06","guid":{"rendered":"http:\/\/santacasadepelotas.com.br\/?p=1079"},"modified":"2020-11-16T17:37:07","modified_gmt":"2020-11-16T20:37:07","slug":"santa-casa-fecha-parceria-de-residencia-medica-com-grupo-hospitalar-conceicao","status":"publish","type":"post","link":"http:\/\/santacasadepelotas.com.br\/index.php\/2020\/11\/16\/santa-casa-fecha-parceria-de-residencia-medica-com-grupo-hospitalar-conceicao\/","title":{"rendered":"Santa Casa fecha parceria de resid\u00eancia m\u00e9dica com Grupo Hospitalar Concei\u00e7\u00e3o"},"content":{"rendered":"<p style=\"text-align: justify;\"><span style=\"font-family: arial, helvetica, sans-serif;\">Cadastrada como institui\u00e7\u00e3o hospitalar de ensino desde 2006, a Santa Casa de Pelotas possui programas de resid\u00eancia m\u00e9dica para formar profissionais que cuidar\u00e3o da sa\u00fade da comunidade futuramente. Para capacitar ainda mais estes profissionais, a Santa Casa assinou um termo de coopera\u00e7\u00e3o t\u00e9cnica com o Grupo Hospitalar Concei\u00e7\u00e3o (GHC) de Porto Alegre, que h\u00e1 60 anos \u00e9 dedicado 100% ao Sistema \u00danico de Sa\u00fade (SUS) e possui quatro hospitais, uma UPA, 12 Unidades B\u00e1sicas de Sa\u00fade, tr\u00eas CAPS e uma escola.<\/span><\/p>\n<p style=\"text-align: justify;\"><span style=\"font-family: arial, helvetica, sans-serif;\">Para dar in\u00edcio a essa troca de experi\u00eancia, os residentes de Medicina Intensiva da Santa Casa, em determinado momento de sua forma\u00e7\u00e3o, ir\u00e3o atuar diretamente na Sala Vermelha do servi\u00e7o de emerg\u00eancia 24h do GHC, setor em que \u00e9 necess\u00e1rio um acompanhamento e vigil\u00e2ncia intensiva at\u00e9 que tenha a defini\u00e7\u00e3o do diagn\u00f3stico do paciente.<\/span><\/p>\n<p><img loading=\"lazy\" decoding=\"async\" class=\"aligncenter wp-image-1081 size-full\" src=\"http:\/\/santacasadepelotas.com.br\/wp-content\/uploads\/2020\/11\/IMG_1897.jpg\" alt=\"\" width=\"5145\" height=\"3879\" srcset=\"http:\/\/santacasadepelotas.com.br\/wp-content\/uploads\/2020\/11\/IMG_1897.jpg 5145w, http:\/\/santacasadepelotas.com.br\/wp-content\/uploads\/2020\/11\/IMG_1897-300x226.jpg 300w, http:\/\/santacasadepelotas.com.br\/wp-content\/uploads\/2020\/11\/IMG_1897-768x579.jpg 768w, http:\/\/santacasadepelotas.com.br\/wp-content\/uploads\/2020\/11\/IMG_1897-1024x772.jpg 1024w, http:\/\/santacasadepelotas.com.br\/wp-content\/uploads\/2020\/11\/IMG_1897-1920x1448.jpg 1920w\" sizes=\"(max-width: 5145px) 100vw, 5145px\" \/><\/p>\n<p style=\"text-align: justify;\"><span style=\"font-family: arial, helvetica, sans-serif;\">O Provedor da Santa Casa, Dr. Jo\u00e3o Francisco Neves da Silva, comenta que a parceria com os Hospitais do Grupo Concei\u00e7\u00e3o oportuniza um interc\u00e2mbio de conhecimentos e uma otimiza\u00e7\u00e3o da qualifica\u00e7\u00e3o, tanto de gest\u00e3o de pessoal, quanto de procedimentos, melhorando o atendimento dos clientes e facilitando os encaminhamentos de pacientes. Somando ao coment\u00e1rio do Provedor, o Coordenador da Resid\u00eancia M\u00e9dica em Medicina Intensiva, Dr. Cristiano Batista, afirma que esta \u00e1rea m\u00e9dica \u00e9 uma das mais complexas da medicina, portanto esta parceria e troca de experi\u00eancias \u00e9 de grande valia tanto para os residentes, quanto para o pr\u00f3prio hospital. \u00a0\u00a0<\/span><\/p>\n<p style=\"text-align: justify;\"><span style=\"font-family: arial, helvetica, sans-serif;\">O Diretor-Presidente do GHC, Cl\u00e1udio Oliveira, aponta a import\u00e2ncia na oportunidade do residente conhecer outra estrutura hospitalar, al\u00e9m de agregar novas experi\u00eancias ao profissional, deixando-o ainda mais preparado ao mercado de trabalho.<\/span><\/p>\n<p style=\"text-align: justify;\"><span style=\"font-family: arial, helvetica, sans-serif;\">Futuramente outras resid\u00eancias m\u00e9dicas da Santa Casa tamb\u00e9m poder\u00e3o realizar seus estudos no GHC, fazendo com que tenha ainda mais m\u00e9dicos especialistas capacitadas, oportunizando um atendimento experiente e de qualidade aos pacientes de Pelotas e regi\u00e3o.<\/span><\/p>\n","protected":false},"excerpt":{"rendered":"<p>Cadastrada como institui\u00e7\u00e3o hospitalar de ensino desde 2006, a Santa Casa de Pelotas possui programas de resid\u00eancia m\u00e9dica para formar profissionais que cuidar\u00e3o da sa\u00fade da comunidade futuramente. Para capacitar ainda mais estes profissionais, a Santa Casa assinou um termo de coopera\u00e7\u00e3o t\u00e9cnica com o Grupo Hospitalar Concei\u00e7\u00e3o (GHC) de Porto Alegre, que h\u00e1 60 [&hellip;]<\/p>\n","protected":false},"author":6,"featured_media":1083,"comment_status":"open","ping_status":"open","sticky":false,"template":"","format":"standard","meta":{"footnotes":""},"categories":[6],"tags":[],"_links":{"self":[{"href":"http:\/\/santacasadepelotas.com.br\/index.php\/wp-json\/wp\/v2\/posts\/1079"}],"collection":[{"href":"http:\/\/santacasadepelotas.com.br\/index.php\/wp-json\/wp\/v2\/posts"}],"about":[{"href":"http:\/\/santacasadepelotas.com.br\/index.php\/wp-json\/wp\/v2\/types\/post"}],"author":[{"embeddable":true,"href":"http:\/\/santacasadepelotas.com.br\/index.php\/wp-json\/wp\/v2\/users\/6"}],"replies":[{"embeddable":true,"href":"http:\/\/santacasadepelotas.com.br\/index.php\/wp-json\/wp\/v2\/comments?post=1079"}],"version-history":[{"count":2,"href":"http:\/\/santacasadepelotas.com.br\/index.php\/wp-json\/wp\/v2\/posts\/1079\/revisions"}],"predecessor-version":[{"id":1084,"href":"http:\/\/santacasadepelotas.com.br\/index.php\/wp-json\/wp\/v2\/posts\/1079\/revisions\/1084"}],"wp:featuredmedia":[{"embeddable":true,"href":"http:\/\/santacasadepelotas.com.br\/index.php\/wp-json\/wp\/v2\/media\/1083"}],"wp:attachment":[{"href":"http:\/\/santacasadepelotas.com.br\/index.php\/wp-json\/wp\/v2\/media?parent=1079"}],"wp:term":[{"taxonomy":"category","embeddable":true,"href":"http:\/\/santacasadepelotas.com.br\/index.php\/wp-json\/wp\/v2\/categories?post=1079"},{"taxonomy":"post_tag","embeddable":true,"href":"http:\/\/santacasadepelotas.com.br\/index.php\/wp-json\/wp\/v2\/tags?post=1079"}],"curies":[{"name":"wp","href":"https:\/\/api.w.org\/{rel}","templated":true}]}}